{"id":1036,"date":"2017-05-17T23:16:37","date_gmt":"2017-05-17T21:16:37","guid":{"rendered":"http:\/\/blogs.elcomercio.es\/psicologo-de-cabecera\/?p=1036"},"modified":"2017-05-17T23:16:37","modified_gmt":"2017-05-17T21:16:37","slug":"nueve-anos-ya","status":"publish","type":"post","link":"https:\/\/blogs.elcomercio.es\/psicologo-de-cabecera\/2017\/05\/17\/nueve-anos-ya\/","title":{"rendered":"NUEVE A\u00d1OS YA."},"content":{"rendered":"<p>Hola amigos:<\/p>\n<p>&nbsp;<\/p>\n<p>Me complace saludaros y expresaros mi satisfacci\u00f3n porque despu\u00e9s de nueve a\u00f1os ininterrumpidamente sigo apareciendo fiel a la cita semanal con vosotros en este blog de elcomerciodigital.<\/p>\n<p>\u00bfQue si estoy contento? No pod\u00eda ser menos porque gracias a El Comercio puedo haceros llegar mis reflexiones, ideas, pautas y orientaciones sobre temas de la vida diaria y porque me consta que a muchos de vosotros alguno de los art\u00edculos o posts le resultan de utilidad.<\/p>\n<p>Qu\u00e9 mejor satisfacci\u00f3n y pago.<\/p>\n<p>Me apetece exponeros una curiosidad que se repite y se repite cada semana cuando recibo el resumen de los lectores que han visitado o le\u00eddo diferentes art\u00edculos. Los dos que m\u00e1s se repiten son: \u201cMadres absorbentes, suegras repelentes\u201d y \u201cMadres castrantes\u201d.<\/p>\n<p>Por algo ser\u00e1. El tema de las madres, de ese tipo de madres trae de cabeza a muchos hijos que no ven la manera de poner freno a esas conductas intervencionistas y que tanto da\u00f1o les hacen.<\/p>\n<p>No llevo la cuenta pero creo que son varios centenares, si no miles, las visitas y lecturas de ambos art\u00edculos.<\/p>\n<p>Espero seguir por mucho tiempo aportando mi ayuda, labor que comenc\u00e9 ya desde 1995 en que decid\u00ed que me iba a embarcar en la labor de la divulgaci\u00f3n de temas de la psicolog\u00eda cotidiana que tanto interesan a las personas y que a menudo no saben c\u00f3mo hacer para superar dificultades o problemas. Me encanta esta labor y me ha resultado siempre muy gratificante.<\/p>\n<p>Un cordial saludo.<\/p>\n<!-- AddThis Advanced Settings generic via filter on the_content --><!-- AddThis Share Buttons generic via filter on the_content -->","protected":false},"excerpt":{"rendered":"<p>Hola amigos: &nbsp; Me complace saludaros y expresaros mi satisfacci\u00f3n porque despu\u00e9s de nueve a\u00f1os ininterrumpidamente sigo apareciendo fiel a la cita semanal con vosotros en este blog de elcomerciodigital. \u00bfQue si estoy contento? No pod\u00eda ser menos porque gracias a El Comercio puedo haceros llegar mis reflexiones, ideas, pautas y orientaciones sobre temas de [&hellip;]<!-- AddThis Advanced Settings generic via filter on get_the_excerpt --><!-- AddThis Share Buttons generic via filter on get_the_excerpt --><\/p>\n","protected":false},"author":8,"featured_media":0,"comment_status":"open","ping_status":"open","sticky":false,"template":"","format":"standard","meta":[],"categories":[1],"tags":[932,598,930,931,818],"_links":{"self":[{"href":"https:\/\/blogs.elcomercio.es\/psicologo-de-cabecera\/wp-json\/wp\/v2\/posts\/1036"}],"collection":[{"href":"https:\/\/blogs.elcomercio.es\/psicologo-de-cabecera\/wp-json\/wp\/v2\/posts"}],"about":[{"href":"https:\/\/blogs.elcomercio.es\/psicologo-de-cabecera\/wp-json\/wp\/v2\/types\/post"}],"author":[{"embeddable":true,"href":"https:\/\/blogs.elcomercio.es\/psicologo-de-cabecera\/wp-json\/wp\/v2\/users\/8"}],"replies":[{"embeddable":true,"href":"https:\/\/blogs.elcomercio.es\/psicologo-de-cabecera\/wp-json\/wp\/v2\/comments?post=1036"}],"version-history":[{"count":1,"href":"https:\/\/blogs.elcomercio.es\/psicologo-de-cabecera\/wp-json\/wp\/v2\/posts\/1036\/revisions"}],"predecessor-version":[{"id":1037,"href":"https:\/\/blogs.elcomercio.es\/psicologo-de-cabecera\/wp-json\/wp\/v2\/posts\/1036\/revisions\/1037"}],"wp:attachment":[{"href":"https:\/\/blogs.elcomercio.es\/psicologo-de-cabecera\/wp-json\/wp\/v2\/media?parent=1036"}],"wp:term":[{"taxonomy":"category","embeddable":true,"href":"https:\/\/blogs.elcomercio.es\/psicologo-de-cabecera\/wp-json\/wp\/v2\/categories?post=1036"},{"taxonomy":"post_tag","embeddable":true,"href":"https:\/\/blogs.elcomercio.es\/psicologo-de-cabecera\/wp-json\/wp\/v2\/tags?post=1036"}],"curies":[{"name":"wp","href":"https:\/\/api.w.org\/{rel}","templated":true}]}}