{"id":1038,"date":"2017-05-24T14:34:12","date_gmt":"2017-05-24T12:34:12","guid":{"rendered":"http:\/\/blogs.elcomercio.es\/psicologo-de-cabecera\/?p=1038"},"modified":"2017-05-24T14:34:12","modified_gmt":"2017-05-24T12:34:12","slug":"ya-madurara","status":"publish","type":"post","link":"https:\/\/blogs.elcomercio.es\/psicologo-de-cabecera\/2017\/05\/24\/ya-madurara\/","title":{"rendered":"YA MADURAR\u00c1&#8230;."},"content":{"rendered":"<p>Esta frase resulta familiar y habitual o\u00edrla a mucha gente. Ya madurar\u00e1 significa para la mayor parte de las personas que el tiempo se encargar\u00e1 de ello aunque la persona no haga nada o haga poco por ello. Seg\u00fan el diccionario madurar en sentido figurado significa \u201cadquirir pleno desarrollo f\u00edsico e intelectual\u201d. Seg\u00fan el sentir com\u00fan significa \u201cya ir\u00e1 desarroll\u00e1ndose emocionalmente seg\u00fan pase el tiempo.\u201d En todo caso ambas acepciones encomiendan al factor externo tiempo la responsabilidad de ese progreso.<\/p>\n<p>Pero ocurren dos cosas. La primera es que el paso del tiempo no garantiza la evoluci\u00f3n positiva a nivel psicol\u00f3gico. Antes al contrario, hay ocasiones en que el tiempo sirve para aumentar el deterioro. Por otra parte es una forma de auto consolarse y eludir la propia responsabilidad del sujeto. No cabe duda que el tiempo es un elemento con el que hay que contar, pero la maduraci\u00f3n es un proceso que depende esencialmente de la actividad del propio sujeto y del uso de su tiempo. En el caso de la maduraci\u00f3n psicol\u00f3gica y moral esta viene determinada por distintas conductas cuales son cumplir las obligaciones, las leyes o las pautas que la existencia f\u00edsica, social y ambiental nos exige, por esforzarse uno mismo sin dejar que esa responsabilidad recaiga sobre los dem\u00e1s, cuidadores, familiares, pareja, autoridades, etc. Pasa tambi\u00e9n por tomar conciencia de lo que uno tiene que hacer para mejorar su vida, adem\u00e1s de procurar cumplir esas exigencias. Pasa por estar a la altura de lo que el sujeto debe hacer seg\u00fan su edad y situaci\u00f3n personal. Pasa por prever las consecuencias de sus actos y esmerarse en reflexionar y sacar conclusiones. Es decir es una actividad que debe nacer o imponerse el propio sujeto evolutivo. Pasa por aceptar la realidad que le viene dada, por controlar su impulsividad y saber contenerse y esperar. Pasa por entrenar el m\u00fasculo de la fuerza de voluntad puesta al servicio de todo lo anterior.<\/p>\n<p>En ese caso el tiempo se convierte en un aliado bienvenido. Pero dejarlo al mero devenir de la vida simplemente no garantiza nada. Madurar debe ser sobre todo una obra del individuo interesado en conseguirlo.<\/p>\n<!-- AddThis Advanced Settings generic via filter on the_content --><!-- AddThis Share Buttons generic via filter on the_content -->","protected":false},"excerpt":{"rendered":"<p>Esta frase resulta familiar y habitual o\u00edrla a mucha gente. Ya madurar\u00e1 significa para la mayor parte de las personas que el tiempo se encargar\u00e1 de ello aunque la persona no haga nada o haga poco por ello. Seg\u00fan el diccionario madurar en sentido figurado significa \u201cadquirir pleno desarrollo f\u00edsico e intelectual\u201d. Seg\u00fan el sentir [&hellip;]<!-- AddThis Advanced Settings generic via filter on get_the_excerpt --><!-- AddThis Share Buttons generic via filter on get_the_excerpt --><\/p>\n","protected":false},"author":8,"featured_media":0,"comment_status":"open","ping_status":"open","sticky":false,"template":"","format":"standard","meta":[],"categories":[1],"tags":[498,565,598,933,756,757],"_links":{"self":[{"href":"https:\/\/blogs.elcomercio.es\/psicologo-de-cabecera\/wp-json\/wp\/v2\/posts\/1038"}],"collection":[{"href":"https:\/\/blogs.elcomercio.es\/psicologo-de-cabecera\/wp-json\/wp\/v2\/posts"}],"about":[{"href":"https:\/\/blogs.elcomercio.es\/psicologo-de-cabecera\/wp-json\/wp\/v2\/types\/post"}],"author":[{"embeddable":true,"href":"https:\/\/blogs.elcomercio.es\/psicologo-de-cabecera\/wp-json\/wp\/v2\/users\/8"}],"replies":[{"embeddable":true,"href":"https:\/\/blogs.elcomercio.es\/psicologo-de-cabecera\/wp-json\/wp\/v2\/comments?post=1038"}],"version-history":[{"count":1,"href":"https:\/\/blogs.elcomercio.es\/psicologo-de-cabecera\/wp-json\/wp\/v2\/posts\/1038\/revisions"}],"predecessor-version":[{"id":1039,"href":"https:\/\/blogs.elcomercio.es\/psicologo-de-cabecera\/wp-json\/wp\/v2\/posts\/1038\/revisions\/1039"}],"wp:attachment":[{"href":"https:\/\/blogs.elcomercio.es\/psicologo-de-cabecera\/wp-json\/wp\/v2\/media?parent=1038"}],"wp:term":[{"taxonomy":"category","embeddable":true,"href":"https:\/\/blogs.elcomercio.es\/psicologo-de-cabecera\/wp-json\/wp\/v2\/categories?post=1038"},{"taxonomy":"post_tag","embeddable":true,"href":"https:\/\/blogs.elcomercio.es\/psicologo-de-cabecera\/wp-json\/wp\/v2\/tags?post=1038"}],"curies":[{"name":"wp","href":"https:\/\/api.w.org\/{rel}","templated":true}]}}