{"id":1047,"date":"2017-06-17T16:51:47","date_gmt":"2017-06-17T14:51:47","guid":{"rendered":"http:\/\/blogs.elcomercio.es\/psicologo-de-cabecera\/?p=1047"},"modified":"2017-06-17T16:51:47","modified_gmt":"2017-06-17T14:51:47","slug":"orientados-a-la-gente","status":"publish","type":"post","link":"https:\/\/blogs.elcomercio.es\/psicologo-de-cabecera\/2017\/06\/17\/orientados-a-la-gente\/","title":{"rendered":"ORIENTADOS A LA GENTE"},"content":{"rendered":"<p>Se han hecho muchas clasificaciones en cuanto a los estilos o maneras de ser de las personas, pero hay una que me ha seducido siempre m\u00e1s que las restantes que conozco, a saber, que hay dos tipos de personas: &#8220;los orientados a la gente&#8221; y &#8220;los orientados a las tareas&#8221;.<\/p>\n<p>Los primeros est\u00e1n muy pendientes de los dem\u00e1s, de lo que les sucede a los dem\u00e1s y de lo que ellos mismos hacen a los dem\u00e1s y las reacciones que en ellos producen. Son personas muy preocupadas por que los dem\u00e1s est\u00e9n bien, por agradarles, por no incomodarles, por no hacer nada que les haga sufrir a ser posible. Est\u00e1n muy pendientes de lo que los otros piensen de ellos y por eso cuidan mucho ganarse \u00a0su estima, su cari\u00f1o y su valoraci\u00f3n. En fin, gran parte de lo que hacen est\u00e1 condicionado por el impacto que ello produzca en las personas con las que interact\u00faan. Todos estos sufren mucho cuando los otros sufren o cuando los otros les fallan o ellos fallan a la gente. Est\u00e1n demasiado en funci\u00f3n de las personas, aunque las cosas les importen.<\/p>\n<p>La otra clase de personas son los orientados a las tareas: viven para las cosas, sobre todo, y por cosas entendemos, el dinero, el trabajo, las cosas, las casas, la vivienda, la ropa, el coche, los viajes, las obras, los proyectos, las tareas, la formaci\u00f3n, los objetivos, etc. etc.. Las cosas, en ese sentido, son, principalmente, su raz\u00f3n de ser y de vivir .\u00a0\u00a0 No es que no les importe la gente pero esta est\u00e1 subordinada a las cosas y viene a ser como una cosa m\u00e1s. Estos segundos no es que no sufran ni les afecte la vida de la gente pero no se compara. Lo que les hace m\u00e1s disfrutar o sufrir es lo relacionado con lo &#8220;c\u00f3sico&#8221; y a ello lo subordinan casi todo.<\/p>\n<p>Los primeros son los que m\u00e1s sufren de todos y los que me interesa resaltar en especial por esa causa. Por eso a los primeros, muy sensibles, les conviene pasar de ser esponjas en exceso a ser algo impermeables como mecanismo de defensa, si no quieren correr el riesgo de vivir en estado de vulnerabilidad permanente. No es esta una llamada a la insensibilidad, sino una invitaci\u00f3n a reducir su dependencia emocional y su preocupaci\u00f3n por los dem\u00e1s. A estos les viene bien equilibrar su orientaci\u00f3n a las personas con una mayor dosis de orientaci\u00f3n hacia las cosas. Lo s\u00e9 por la experiencia de ver muchos pacientes aquejados de ese mal. Que se lo pregunten, si no, a los que quedan hundidos psicol\u00f3gicamente largo tiempo, cuando alguien les abandona, les olvida, les falla, les ignora, les desprecia o les hace de menos.<\/p>\n<!-- AddThis Advanced Settings generic via filter on the_content --><!-- AddThis Share Buttons generic via filter on the_content -->","protected":false},"excerpt":{"rendered":"<p>Se han hecho muchas clasificaciones en cuanto a los estilos o maneras de ser de las personas, pero hay una que me ha seducido siempre m\u00e1s que las restantes que conozco, a saber, que hay dos tipos de personas: &#8220;los orientados a la gente&#8221; y &#8220;los orientados a las tareas&#8221;. Los primeros est\u00e1n muy pendientes [&hellip;]<!-- AddThis Advanced Settings generic via filter on get_the_excerpt --><!-- AddThis Share Buttons generic via filter on get_the_excerpt --><\/p>\n","protected":false},"author":8,"featured_media":0,"comment_status":"open","ping_status":"open","sticky":false,"template":"","format":"standard","meta":[],"categories":[934],"tags":[245,935,598,650,687,853],"_links":{"self":[{"href":"https:\/\/blogs.elcomercio.es\/psicologo-de-cabecera\/wp-json\/wp\/v2\/posts\/1047"}],"collection":[{"href":"https:\/\/blogs.elcomercio.es\/psicologo-de-cabecera\/wp-json\/wp\/v2\/posts"}],"about":[{"href":"https:\/\/blogs.elcomercio.es\/psicologo-de-cabecera\/wp-json\/wp\/v2\/types\/post"}],"author":[{"embeddable":true,"href":"https:\/\/blogs.elcomercio.es\/psicologo-de-cabecera\/wp-json\/wp\/v2\/users\/8"}],"replies":[{"embeddable":true,"href":"https:\/\/blogs.elcomercio.es\/psicologo-de-cabecera\/wp-json\/wp\/v2\/comments?post=1047"}],"version-history":[{"count":1,"href":"https:\/\/blogs.elcomercio.es\/psicologo-de-cabecera\/wp-json\/wp\/v2\/posts\/1047\/revisions"}],"predecessor-version":[{"id":1048,"href":"https:\/\/blogs.elcomercio.es\/psicologo-de-cabecera\/wp-json\/wp\/v2\/posts\/1047\/revisions\/1048"}],"wp:attachment":[{"href":"https:\/\/blogs.elcomercio.es\/psicologo-de-cabecera\/wp-json\/wp\/v2\/media?parent=1047"}],"wp:term":[{"taxonomy":"category","embeddable":true,"href":"https:\/\/blogs.elcomercio.es\/psicologo-de-cabecera\/wp-json\/wp\/v2\/categories?post=1047"},{"taxonomy":"post_tag","embeddable":true,"href":"https:\/\/blogs.elcomercio.es\/psicologo-de-cabecera\/wp-json\/wp\/v2\/tags?post=1047"}],"curies":[{"name":"wp","href":"https:\/\/api.w.org\/{rel}","templated":true}]}}