{"id":1758,"date":"2023-01-01T18:21:32","date_gmt":"2023-01-01T17:21:32","guid":{"rendered":"https:\/\/blogs.elcomercio.es\/psicologo-de-cabecera\/?p=1758"},"modified":"2023-01-01T18:32:15","modified_gmt":"2023-01-01T17:32:15","slug":"relaciones-familiares-conflicto-asegurado","status":"publish","type":"post","link":"https:\/\/blogs.elcomercio.es\/psicologo-de-cabecera\/2023\/01\/01\/relaciones-familiares-conflicto-asegurado\/","title":{"rendered":"RELACIONES FAMILIARES, CONFLICTO ASEGURADO"},"content":{"rendered":"<p>RELACIONES FAMILIARES,  CONFLICTO ASEGURADO.<\/p>\n<p>\u00bfPor qu\u00e9 las relaciones familiares son la primera causa de los trastornos f\u00edsicos por lo que los ciudadanos acuden a consulta  m\u00e9dica y la primera causa de los conflictos entre personas y no digamos incluso de suicidios y homicidios?  No exagero.<br \/>\nPorque en ese \u00e1mbito se produce una mezcla de sentimientos, emociones, comportamientos, exigencias, caprichos, deseos, expectativas, decepciones, dudas y un largo etc\u00e9tera y en esa mezcla se vive constantemente la tensi\u00f3n, unas veces m\u00e1s alta y otra menos.<br \/>\nUn ejemplo. En cuanto una persona elige un pareja, la diferencia de criterios y de forma de ser dan lugar a fricciones. Sum\u00e9mosle a ello el hecho de que asociado a la pareja elegida van unidos sus padres y sus hermanos. La mezcla se complica porque todos ellos van en el paquete, no elegido pero s\u00ed incluido y el cruce de intereses y resistencias va en aumento, junto a las emociones de todos esos componentes. Sum\u00e9mosle a ello que esa pareja tenga hijos. Nuevo cruce de perfiles e intereses. Sum\u00e9mosle a ello que esos hijos se casen de hecho o de derecho. Ya van en su paquete los suegros, nueras, yernos, hermanos y cu\u00f1ados en  direcci\u00f3n horizontal y vertical. La complicaci\u00f3n se elevar\u00e1, seguro, al cuadrado y la posibilidad de conflicto se multiplica por lo tanto. Imaginemos que un yerno o nuera, si tienen hijos, se empe\u00f1a en impedir que los suegros vean o atiendan a sus hijos, porque no les caen bien o les odian incluso. La hecatombe. No sigo, porque dar\u00eda para un tratado.<br \/>\nLo que pretendo decir es que las relaciones familiares son mucho m\u00e1s dif\u00edciles que las empresariales, laborales, vecinales, e intra institucionales. El cruce de intereses, sentimientos, opiniones etc. es inconmensurable.<br \/>\nSi la buena voluntad impera los choques son soportables, pero en cuanto alguien se empe\u00f1e en obstaculizar las relaciones la buena voluntad no sirve ya. Ah\u00ed surgen dos actitudes, la de quien tratar\u00e1 de ceder en aras de la paz (estos sufren m\u00e1s) y la de quien le importe menos la paz.<br \/>\nLo mejor, aunque es inevitable, es implicarse lo menos que se pueda en los conflictos. Es mantener un equilibrio entre dar y ceder por una parte y mantenerse en posici\u00f3n distante para no sucumbir a la desesperaci\u00f3n, a la tristeza, a la rabia, la ira o el rencor.<br \/>\nEs tratar de impermeabilizarse cuando lo que est\u00e1 en juego es la salud mental y f\u00edsica, las ganas de vivir y disfrutar.<br \/>\nEn fin, que no he resuelto nada. Se me ha ocurrido escribir despu\u00e9s de haber pasado las fechas de las fiestas navide\u00f1as y a\u00f1o nuevo, donde s\u00e9, como todos, que los conflictos aumentan de volumen. Feliz y llevadero a\u00f1o 23.<\/p>\n<!-- AddThis Advanced Settings generic via filter on the_content --><!-- AddThis Share Buttons generic via filter on the_content -->","protected":false},"excerpt":{"rendered":"<p>RELACIONES FAMILIARES, CONFLICTO ASEGURADO. \u00bfPor qu\u00e9 las relaciones familiares son la primera causa de los trastornos f\u00edsicos por lo que los ciudadanos acuden a consulta m\u00e9dica y la primera causa de los conflictos entre personas y no digamos incluso de suicidios y homicidios? No exagero. Porque en ese \u00e1mbito se produce una mezcla de sentimientos, [&hellip;]<!-- AddThis Advanced Settings generic via filter on get_the_excerpt --><!-- AddThis Share Buttons generic via filter on get_the_excerpt --><\/p>\n","protected":false},"author":8,"featured_media":0,"comment_status":"open","ping_status":"open","sticky":false,"template":"","format":"standard","meta":[],"categories":[4,13,18,20,22,28,36],"tags":[225,355,535,598,769],"_links":{"self":[{"href":"https:\/\/blogs.elcomercio.es\/psicologo-de-cabecera\/wp-json\/wp\/v2\/posts\/1758"}],"collection":[{"href":"https:\/\/blogs.elcomercio.es\/psicologo-de-cabecera\/wp-json\/wp\/v2\/posts"}],"about":[{"href":"https:\/\/blogs.elcomercio.es\/psicologo-de-cabecera\/wp-json\/wp\/v2\/types\/post"}],"author":[{"embeddable":true,"href":"https:\/\/blogs.elcomercio.es\/psicologo-de-cabecera\/wp-json\/wp\/v2\/users\/8"}],"replies":[{"embeddable":true,"href":"https:\/\/blogs.elcomercio.es\/psicologo-de-cabecera\/wp-json\/wp\/v2\/comments?post=1758"}],"version-history":[{"count":2,"href":"https:\/\/blogs.elcomercio.es\/psicologo-de-cabecera\/wp-json\/wp\/v2\/posts\/1758\/revisions"}],"predecessor-version":[{"id":1760,"href":"https:\/\/blogs.elcomercio.es\/psicologo-de-cabecera\/wp-json\/wp\/v2\/posts\/1758\/revisions\/1760"}],"wp:attachment":[{"href":"https:\/\/blogs.elcomercio.es\/psicologo-de-cabecera\/wp-json\/wp\/v2\/media?parent=1758"}],"wp:term":[{"taxonomy":"category","embeddable":true,"href":"https:\/\/blogs.elcomercio.es\/psicologo-de-cabecera\/wp-json\/wp\/v2\/categories?post=1758"},{"taxonomy":"post_tag","embeddable":true,"href":"https:\/\/blogs.elcomercio.es\/psicologo-de-cabecera\/wp-json\/wp\/v2\/tags?post=1758"}],"curies":[{"name":"wp","href":"https:\/\/api.w.org\/{rel}","templated":true}]}}