{"id":1882,"date":"2024-02-29T16:53:40","date_gmt":"2024-02-29T15:53:40","guid":{"rendered":"https:\/\/blogs.elcomercio.es\/psicologo-de-cabecera\/?p=1882"},"modified":"2024-02-29T16:53:40","modified_gmt":"2024-02-29T15:53:40","slug":"me-da-mucha-pena","status":"publish","type":"post","link":"https:\/\/blogs.elcomercio.es\/psicologo-de-cabecera\/2024\/02\/29\/me-da-mucha-pena\/","title":{"rendered":"ME DA MUCHA PENA"},"content":{"rendered":"<p>Llevo m\u00e1s de cuarenta a\u00f1os escuchando a diario sufrimiento ajeno y tratando de paliarlo en lo posible. No he tenido m\u00e1s remedio que empatizar mientras escucho a mis pacientes\u00a0 y trato de\u00a0 ayudarlos pero tuve que aprender a resetear mi mente al final del dia si quer\u00eda poder dormir y descansar y poder seguir atendiendo a mis pacientes de manera eficaz al dia siguiente. Consegui\u00eddesconectar afortunadamente, aunque eso no significa que me haya vuelto impermeable.<\/p>\n<p>Sin embargo hace tres d\u00edas atend\u00ed a una persona de casi noventa a\u00f1os, viuda recientemente, sola completamente y sin familia cercana, con un hijo o hija (uso el masculino y femenino para evitar la identificaci\u00f3n de la persona) que desde hace mucho tiempo se olvid\u00f3 de los padres hasta que se las arregl\u00f3 para acudir a la casa de uno de los progenitores\u00a0 muy enfermo\/a y en ausencia del otro arregl\u00e1rselas para llevarse el dinero que el progenitor enfermo guardaba en la casa. Esa persona ha perdido ya a sus mejores tres amigos y eso a\u00f1ade m\u00e1s dolor a la tragedia.Y adem\u00e1s de todo lo dicho esa persona que fue a verme est\u00e1 algo deteriorada cognitivamente. Eso para mas INRI. No es cosa de psic\u00f3logo principalmente\u00a0 el caso.<\/p>\n<p>Ante este panorama reconozco que he quedado impactado m\u00e1s all\u00e1 de la sesi\u00f3n primera al ver tan enorme e injusto sufrimiento. Me pongo en su papel y me horrorizo.<\/p>\n<p>Har\u00e9 lo que pueda pero mi intervenci\u00f3n va a ser muy limitada pues lo que ser\u00eda necesario no puede ser posible. La sociedad va a lo suyo y es un ente abstracto en el que su caso se diluye.<\/p>\n<p>En fin, que he sentido y sigo sintiendo pena, gran pena por esa persona indefensa, sola, poco a poco incapaz de valerse de una manera digna y con la probabilidad de sentirse abandonada a su suerte a esa edad tan provecta.<\/p>\n<p>Solo he pretendido hacer en voz alta una reflexi\u00f3n y expresar una emoci\u00f3n que se me ha escapado algo de las manos loque es una excepci\u00f3n hasta el momento. Creo que me estoy haciendo viejo. Pero es que \u00faltimamente me llegan varios casos de ruina psicol\u00f3gica y me siento incapaz de resolver su dolor, aunque algo les alivie. Esto no era frecuente en una sociedad de hace bastantes a\u00f1os donde las familias m\u00e1s extensas actuaban de colch\u00f3n y los viejos no viv\u00edan tanto tiempo. Los tiempos han cambiado.<\/p>\n<p>&nbsp;<\/p>\n<!-- AddThis Advanced Settings generic via filter on the_content --><!-- AddThis Share Buttons generic via filter on the_content -->","protected":false},"excerpt":{"rendered":"<p>Llevo m\u00e1s de cuarenta a\u00f1os escuchando a diario sufrimiento ajeno y tratando de paliarlo en lo posible. No he tenido m\u00e1s remedio que empatizar mientras escucho a mis pacientes\u00a0 y trato de\u00a0 ayudarlos pero tuve que aprender a resetear mi mente al final del dia si quer\u00eda poder dormir y descansar y poder seguir atendiendo [&hellip;]<!-- AddThis Advanced Settings generic via filter on get_the_excerpt --><!-- AddThis Share Buttons generic via filter on get_the_excerpt --><\/p>\n","protected":false},"author":8,"featured_media":0,"comment_status":"open","ping_status":"open","sticky":false,"template":"","format":"standard","meta":[],"categories":[9,13,21,934,48],"tags":[1131,1233,598,842,853,1017],"_links":{"self":[{"href":"https:\/\/blogs.elcomercio.es\/psicologo-de-cabecera\/wp-json\/wp\/v2\/posts\/1882"}],"collection":[{"href":"https:\/\/blogs.elcomercio.es\/psicologo-de-cabecera\/wp-json\/wp\/v2\/posts"}],"about":[{"href":"https:\/\/blogs.elcomercio.es\/psicologo-de-cabecera\/wp-json\/wp\/v2\/types\/post"}],"author":[{"embeddable":true,"href":"https:\/\/blogs.elcomercio.es\/psicologo-de-cabecera\/wp-json\/wp\/v2\/users\/8"}],"replies":[{"embeddable":true,"href":"https:\/\/blogs.elcomercio.es\/psicologo-de-cabecera\/wp-json\/wp\/v2\/comments?post=1882"}],"version-history":[{"count":2,"href":"https:\/\/blogs.elcomercio.es\/psicologo-de-cabecera\/wp-json\/wp\/v2\/posts\/1882\/revisions"}],"predecessor-version":[{"id":1884,"href":"https:\/\/blogs.elcomercio.es\/psicologo-de-cabecera\/wp-json\/wp\/v2\/posts\/1882\/revisions\/1884"}],"wp:attachment":[{"href":"https:\/\/blogs.elcomercio.es\/psicologo-de-cabecera\/wp-json\/wp\/v2\/media?parent=1882"}],"wp:term":[{"taxonomy":"category","embeddable":true,"href":"https:\/\/blogs.elcomercio.es\/psicologo-de-cabecera\/wp-json\/wp\/v2\/categories?post=1882"},{"taxonomy":"post_tag","embeddable":true,"href":"https:\/\/blogs.elcomercio.es\/psicologo-de-cabecera\/wp-json\/wp\/v2\/tags?post=1882"}],"curies":[{"name":"wp","href":"https:\/\/api.w.org\/{rel}","templated":true}]}}