{"id":1913,"date":"2024-07-10T18:43:46","date_gmt":"2024-07-10T16:43:46","guid":{"rendered":"https:\/\/blogs.elcomercio.es\/psicologo-de-cabecera\/?p=1913"},"modified":"2024-07-10T18:43:46","modified_gmt":"2024-07-10T16:43:46","slug":"no-dejeis-entrar-al-viejo","status":"publish","type":"post","link":"https:\/\/blogs.elcomercio.es\/psicologo-de-cabecera\/2024\/07\/10\/no-dejeis-entrar-al-viejo\/","title":{"rendered":"NO DEJEIS ENTRAR AL VIEJO"},"content":{"rendered":"<p>El vino es siempre el mismo pero, seg\u00fan los entendidos, cambia el sabor seg\u00fan el estado emocional en que est\u00e9 el bebedor. El tiempo es siempre el mismo y corre a la misma velocidad, pero seg\u00fan la edad del que lo vive cambia su percepci\u00f3n.<\/p>\n<p>Cuando somos ni\u00f1os y adolescentes sentimos que el tiempo se eterniza y deseamos hacernos pronto mayores y cuando somos viejos el tiempo nos pasa a velocidades de v\u00e9rtigo, sin apenas sentirlo. Cosas que ocurrieron hace diez a\u00f1os nos parece que sucedieron hace cinco. Encuentros que tuvimos hace veinte nos parece que ocurrieron hace diez y as\u00ed con diferentes vivencias. El frigor\u00edfico aquel que tiene doce a\u00f1os pensamos que tiene ocho. El caso es que vemos que el tiempo se nos escapa entre las manos y vemos con cierto desasosiego que se nos echa encima el final del camino. Algunos, al ver que se les van muriendo los amigos o los seres muy queridos y cercanos y se van quedando solos se angustian y van mermando el inter\u00e9s que sent\u00edan por la vida. En la percepci\u00f3n subjetiva est\u00e1 gran parte de la clave. Y digo gran parte porque la realidad juega tambi\u00e9n un papel importante ya que los achaques suelen ir produciendo deterioro f\u00edsico-mental lo que acompa\u00f1a a la percepci\u00f3n del declive.<\/p>\n<p>No queda m\u00e1s remedio que entrenarse en una serena aceptaci\u00f3n del devenir personal para que el \u00faltimo tramo del camino no se convierta en desesperaci\u00f3n e intrusiva ansiedad. \u201cNo hay que dejar, como dec\u00eda el actor Clint Eastwood, que el viejo entre dentro de nosotros y se quede\u201d. Porque una vez dentro y acomodado no hay quien pueda sacarlo y entonces la percepci\u00f3n del declive se acelera, con todo lo que implica.<\/p>\n<p>Para contrarrestar el efecto de la percepci\u00f3n de la velocidad del tiempo no queda otro camino que ver el que nos falta como una oportunidad de disfrutar en lo posible y vivir con intensidad la mayor parte de los momentos que podamos. Eso implica vencer la tentaci\u00f3n de centrarse en el futuro breve que nos queda para centrarse en el presente, aprovechando cualquier resquicio que nos quede de vitalidad, curiosidad, inter\u00e9s y algo de fuerza. Y resquicios siempre quedan, si se intenta buscarlos, aunque seamos \u201cmayorcitos\u201d\u2026.<\/p>\n<!-- AddThis Advanced Settings generic via filter on the_content --><!-- AddThis Share Buttons generic via filter on the_content -->","protected":false},"excerpt":{"rendered":"<p>El vino es siempre el mismo pero, seg\u00fan los entendidos, cambia el sabor seg\u00fan el estado emocional en que est\u00e9 el bebedor. El tiempo es siempre el mismo y corre a la misma velocidad, pero seg\u00fan la edad del que lo vive cambia su percepci\u00f3n. Cuando somos ni\u00f1os y adolescentes sentimos que el tiempo se [&hellip;]<!-- AddThis Advanced Settings generic via filter on get_the_excerpt --><!-- AddThis Share Buttons generic via filter on get_the_excerpt --><\/p>\n","protected":false},"author":8,"featured_media":0,"comment_status":"open","ping_status":"open","sticky":false,"template":"","format":"standard","meta":[],"categories":[7,53],"tags":[1273,1131,598,677,1017,908],"_links":{"self":[{"href":"https:\/\/blogs.elcomercio.es\/psicologo-de-cabecera\/wp-json\/wp\/v2\/posts\/1913"}],"collection":[{"href":"https:\/\/blogs.elcomercio.es\/psicologo-de-cabecera\/wp-json\/wp\/v2\/posts"}],"about":[{"href":"https:\/\/blogs.elcomercio.es\/psicologo-de-cabecera\/wp-json\/wp\/v2\/types\/post"}],"author":[{"embeddable":true,"href":"https:\/\/blogs.elcomercio.es\/psicologo-de-cabecera\/wp-json\/wp\/v2\/users\/8"}],"replies":[{"embeddable":true,"href":"https:\/\/blogs.elcomercio.es\/psicologo-de-cabecera\/wp-json\/wp\/v2\/comments?post=1913"}],"version-history":[{"count":1,"href":"https:\/\/blogs.elcomercio.es\/psicologo-de-cabecera\/wp-json\/wp\/v2\/posts\/1913\/revisions"}],"predecessor-version":[{"id":1914,"href":"https:\/\/blogs.elcomercio.es\/psicologo-de-cabecera\/wp-json\/wp\/v2\/posts\/1913\/revisions\/1914"}],"wp:attachment":[{"href":"https:\/\/blogs.elcomercio.es\/psicologo-de-cabecera\/wp-json\/wp\/v2\/media?parent=1913"}],"wp:term":[{"taxonomy":"category","embeddable":true,"href":"https:\/\/blogs.elcomercio.es\/psicologo-de-cabecera\/wp-json\/wp\/v2\/categories?post=1913"},{"taxonomy":"post_tag","embeddable":true,"href":"https:\/\/blogs.elcomercio.es\/psicologo-de-cabecera\/wp-json\/wp\/v2\/tags?post=1913"}],"curies":[{"name":"wp","href":"https:\/\/api.w.org\/{rel}","templated":true}]}}