{"id":1990,"date":"2025-07-14T09:06:52","date_gmt":"2025-07-14T07:06:52","guid":{"rendered":"https:\/\/blogs.elcomercio.es\/psicologo-de-cabecera\/?p=1990"},"modified":"2025-07-14T09:06:53","modified_gmt":"2025-07-14T07:06:53","slug":"la-tercera-ley-de-newton","status":"publish","type":"post","link":"https:\/\/blogs.elcomercio.es\/psicologo-de-cabecera\/2025\/07\/14\/la-tercera-ley-de-newton\/","title":{"rendered":"La tercera Ley de Newton"},"content":{"rendered":"\n<p>Si tuvi\u00e9semos en cuenta esta ley que dice que \u201cpara cada acci\u00f3n\u00a0 hay una reacci\u00f3n igual pero en el sentido opuesto\u201d otro gallo nos cantar\u00eda. Si tuvi\u00e9semos en cuenta que todas las acciones que realizamos\u00a0 en nuestras interacciones con los dem\u00e1s generan bien de inmediato o a posteriori una reacci\u00f3n igual en el sentido opuesto o como respuesta las cosas cambiar\u00edan. Se podr\u00eda decir que eso a veces falla. Cierto. Pero es una excepci\u00f3n, que no la regla.<\/p>\n\n\n\n<p>A casi el cien por ciento de nosotros nos encanta que nos traten bien y con respeto pero no siempre tenemos presente ese postulado &nbsp;cuando tratamos a la gente. Y pasa lo que&nbsp; pasa. No es que, en l\u00edneas generales, tratemos mal adrede a las personas pero si les tratamos mal lo l\u00f3gico es que en ellos se genere una emoci\u00f3n seguida de una respuesta en la misma direcci\u00f3n y, al contrario, si les tratamos bien es de esperar que la respuesta sea buena aunque no sea en la misma medida que la nuestra. A veces puede ser superior en calidad y a veces inferior pero casi siempre ir\u00e1 en la misma l\u00ednea. No se entiende&nbsp; muy bien, salvo porque ignoremos esta ley de Newton, que haya gente que salude al entrar en un sitio y no se le conteste como viene siendo algo frecuente. No se entiende que si nos hacen un favor reaccionemos como si el otro tuviese obligaci\u00f3n de hacerlo. No se entiende muy bien que si atendemos bien a una persona en&nbsp; un servicio profesional el otro reaccione adversamente. Debe ser porque ignora la ley que he referido o porque siempre hay despistados o con mala intenci\u00f3n, en casos raros.<\/p>\n\n\n\n<p>El caso es que muchos se extra\u00f1an de las reacciones de otros y es porque no tienen en cuenta qu\u00e9 hizo el agente antes. Si tuvi\u00e9semos en cuenta el principio de acci\u00f3n y reacci\u00f3n no cabr\u00eda extra\u00f1arse que los dem\u00e1s nos respondan conforme a c\u00f3mo les tratamos. Puede ser como digo que haya excepciones pero la regla es que en general si alguien nos ataca, salvo que est\u00e9 desequilibrado, ser\u00e1 porque antes se habr\u00e1 sentido atacado. Se echa de menos m\u00e1s educaci\u00f3n y buenas formas que a todos nos complace recibir. Para evitar esa deriva solo existe un camino: aplicar esa ley que tambi\u00e9n podr\u00eda llamarse la de la reciprocidad.<\/p>\n<!-- AddThis Advanced Settings generic via filter on the_content --><!-- AddThis Share Buttons generic via filter on the_content -->","protected":false},"excerpt":{"rendered":"<p>Si tuvi\u00e9semos en cuenta esta ley que dice que \u201cpara cada acci\u00f3n\u00a0 hay una reacci\u00f3n igual pero en el sentido opuesto\u201d otro gallo nos cantar\u00eda. Si tuvi\u00e9semos en cuenta que todas las acciones que realizamos\u00a0 en nuestras interacciones con los dem\u00e1s generan bien de inmediato o a posteriori una reacci\u00f3n igual en el sentido opuesto [&hellip;]<!-- AddThis Advanced Settings generic via filter on get_the_excerpt --><!-- AddThis Share Buttons generic via filter on get_the_excerpt --><\/p>\n","protected":false},"author":8,"featured_media":0,"comment_status":"open","ping_status":"open","sticky":false,"template":"","format":"standard","meta":[],"categories":[1],"tags":[],"_links":{"self":[{"href":"https:\/\/blogs.elcomercio.es\/psicologo-de-cabecera\/wp-json\/wp\/v2\/posts\/1990"}],"collection":[{"href":"https:\/\/blogs.elcomercio.es\/psicologo-de-cabecera\/wp-json\/wp\/v2\/posts"}],"about":[{"href":"https:\/\/blogs.elcomercio.es\/psicologo-de-cabecera\/wp-json\/wp\/v2\/types\/post"}],"author":[{"embeddable":true,"href":"https:\/\/blogs.elcomercio.es\/psicologo-de-cabecera\/wp-json\/wp\/v2\/users\/8"}],"replies":[{"embeddable":true,"href":"https:\/\/blogs.elcomercio.es\/psicologo-de-cabecera\/wp-json\/wp\/v2\/comments?post=1990"}],"version-history":[{"count":1,"href":"https:\/\/blogs.elcomercio.es\/psicologo-de-cabecera\/wp-json\/wp\/v2\/posts\/1990\/revisions"}],"predecessor-version":[{"id":1991,"href":"https:\/\/blogs.elcomercio.es\/psicologo-de-cabecera\/wp-json\/wp\/v2\/posts\/1990\/revisions\/1991"}],"wp:attachment":[{"href":"https:\/\/blogs.elcomercio.es\/psicologo-de-cabecera\/wp-json\/wp\/v2\/media?parent=1990"}],"wp:term":[{"taxonomy":"category","embeddable":true,"href":"https:\/\/blogs.elcomercio.es\/psicologo-de-cabecera\/wp-json\/wp\/v2\/categories?post=1990"},{"taxonomy":"post_tag","embeddable":true,"href":"https:\/\/blogs.elcomercio.es\/psicologo-de-cabecera\/wp-json\/wp\/v2\/tags?post=1990"}],"curies":[{"name":"wp","href":"https:\/\/api.w.org\/{rel}","templated":true}]}}