{"id":1993,"date":"2025-08-22T11:07:50","date_gmt":"2025-08-22T09:07:50","guid":{"rendered":"https:\/\/blogs.elcomercio.es\/psicologo-de-cabecera\/?p=1993"},"modified":"2025-08-22T11:07:51","modified_gmt":"2025-08-22T09:07:51","slug":"la-vida-es-muy-breve","status":"publish","type":"post","link":"https:\/\/blogs.elcomercio.es\/psicologo-de-cabecera\/2025\/08\/22\/la-vida-es-muy-breve\/","title":{"rendered":"La vida es muy breve"},"content":{"rendered":"\n<p>No descubro nada nuevo al referirlo. Lo s\u00e9 y lo sabe el lector.\u00a0 Por nuestra mente pasa a veces ese pensamiento o recuerdo, pero el tema se acent\u00faa cuando estamos estad\u00edsticamente al final del camino o vislumbramos que queda poco ya en el horizonte para pagar el \u00faltimo peaje. Es entonces cuando la sensaci\u00f3n cobra m\u00e1s relevancia y caemos en la cuenta de que si la vida ha sido breve, aunque hayamos cumplido los setenta, m\u00e1s breve es lo que nos queda por delante.<\/p>\n\n\n\n<p>Es entonces cuando sentimos la necesidad de aprovechar el tiempo casi contra reloj y nos entran las prisas por exprimir lo que nos queda. Y si no nos acompa\u00f1a la salud la vivencia se vuelve angustiosa y uno se arrepiente de haber dejado pasar mil momentos sin poner atenci\u00f3n para aprovecharlos m\u00e1s intensamente.<\/p>\n\n\n\n<p>Impulsados por el ritmo vertiginoso que la vida nos impone diariamente desde dentro o desde fuera perdemos la perspectiva de esa suma brevedad impuesta e ineludible. Porque \u00bfqu\u00e9&nbsp; son ochenta, noventa a\u00f1os o incluso &nbsp;cien a\u00f1os sino un peque\u00f1\u00edsimo soplo o un suspiro? \u00bfY si adem\u00e1s son muchos menos?<\/p>\n\n\n\n<p>Por eso, igual que ponemos el despertador que nos avise o ponemos alarmas en el m\u00f3vil para que nos recuerden ciertos actos, no estar\u00eda dem\u00e1s de cuando en cuando poner ciertas alarmas que nos recuerden que &nbsp;el paso por la vida es sumamente breve y hay que recordarlo para no destrozar, ignorar o perder la conciencia de muchos momentos y no arrepentirnos cuando quiz\u00e1s sea tarde.<\/p>\n\n\n\n<p>Los cementerios est\u00e1n llenos de muertos prematuros para lo que deseaban o esperaban y, si despertasen, r\u00e1pido se pondr\u00edan a aprovechar su tiempo.<\/p>\n\n\n\n<p>Ninguno de los que a\u00fan estamos vivos queremos perder el tiempo, pero pronto se nos olvida que el tiempo huye y no vuelve por mucho que queramos &nbsp;y hagamos prop\u00f3sito de enmienda.<\/p>\n\n\n\n<p>Somos as\u00ed de olvidadizos o quiz\u00e1s inconscientes. Somos lo que se dice humanos pero, como la vida se escapa entre los dedos, viene bien recordarlo.<\/p>\n<!-- AddThis Advanced Settings generic via filter on the_content --><!-- AddThis Share Buttons generic via filter on the_content -->","protected":false},"excerpt":{"rendered":"<p>No descubro nada nuevo al referirlo. Lo s\u00e9 y lo sabe el lector.\u00a0 Por nuestra mente pasa a veces ese pensamiento o recuerdo, pero el tema se acent\u00faa cuando estamos estad\u00edsticamente al final del camino o vislumbramos que queda poco ya en el horizonte para pagar el \u00faltimo peaje. Es entonces cuando la sensaci\u00f3n cobra [&hellip;]<!-- AddThis Advanced Settings generic via filter on get_the_excerpt --><!-- AddThis Share Buttons generic via filter on get_the_excerpt --><\/p>\n","protected":false},"author":8,"featured_media":0,"comment_status":"open","ping_status":"open","sticky":false,"template":"","format":"standard","meta":[],"categories":[1],"tags":[],"_links":{"self":[{"href":"https:\/\/blogs.elcomercio.es\/psicologo-de-cabecera\/wp-json\/wp\/v2\/posts\/1993"}],"collection":[{"href":"https:\/\/blogs.elcomercio.es\/psicologo-de-cabecera\/wp-json\/wp\/v2\/posts"}],"about":[{"href":"https:\/\/blogs.elcomercio.es\/psicologo-de-cabecera\/wp-json\/wp\/v2\/types\/post"}],"author":[{"embeddable":true,"href":"https:\/\/blogs.elcomercio.es\/psicologo-de-cabecera\/wp-json\/wp\/v2\/users\/8"}],"replies":[{"embeddable":true,"href":"https:\/\/blogs.elcomercio.es\/psicologo-de-cabecera\/wp-json\/wp\/v2\/comments?post=1993"}],"version-history":[{"count":1,"href":"https:\/\/blogs.elcomercio.es\/psicologo-de-cabecera\/wp-json\/wp\/v2\/posts\/1993\/revisions"}],"predecessor-version":[{"id":1994,"href":"https:\/\/blogs.elcomercio.es\/psicologo-de-cabecera\/wp-json\/wp\/v2\/posts\/1993\/revisions\/1994"}],"wp:attachment":[{"href":"https:\/\/blogs.elcomercio.es\/psicologo-de-cabecera\/wp-json\/wp\/v2\/media?parent=1993"}],"wp:term":[{"taxonomy":"category","embeddable":true,"href":"https:\/\/blogs.elcomercio.es\/psicologo-de-cabecera\/wp-json\/wp\/v2\/categories?post=1993"},{"taxonomy":"post_tag","embeddable":true,"href":"https:\/\/blogs.elcomercio.es\/psicologo-de-cabecera\/wp-json\/wp\/v2\/tags?post=1993"}],"curies":[{"name":"wp","href":"https:\/\/api.w.org\/{rel}","templated":true}]}}