{"id":2003,"date":"2025-11-17T09:17:31","date_gmt":"2025-11-17T08:17:31","guid":{"rendered":"https:\/\/blogs.elcomercio.es\/psicologo-de-cabecera\/?p=2003"},"modified":"2025-11-17T09:17:32","modified_gmt":"2025-11-17T08:17:32","slug":"para-los-que-se-preocupan-demasiado","status":"publish","type":"post","link":"https:\/\/blogs.elcomercio.es\/psicologo-de-cabecera\/2025\/11\/17\/para-los-que-se-preocupan-demasiado\/","title":{"rendered":"Para los que se preocupan demasiado"},"content":{"rendered":"\n<p>Una de las formas mejores de auto torturarse consiste en la tendencia a preocuparse en exceso. Preocuparse significa anticipar desgracias, reveses, inconvenientes, desastres, fallos, errores, fracasos, enfermedades, accidentes, contratiempos, dificultades\u00a0 y pegas y angustiarse por ello. Significa pensar en lo malo y negativo que nos ofrecer\u00e1 el futuro. Significa vivir con el alma en vilo y angustiados por lo que va a pasar, que en la mayor\u00eda de los casos \u00a1no sucede! Es una forma de ausentarse del presente que es lo que tenemos y proyectar la mente en el luego, en el despu\u00e9s, en lo que viene o\u00a0 vendr\u00e1, pero siempre lo malo. Es una forma de amargarse la vida y amargarla a los de al lado. Es consentir en tener la mente donde no tiene que estar. Alguien dir\u00e1 que algo tenemos que pensar en el futuro y es cierto pero fundamentalmente para ilusionarnos, programar o proyectar o planificar actividades. Para eso podemos recurrir al futuro pero emplearlo en anticipar toda suerte de males es un error de bulto que a un porcentaje elevado de personas les hace vivir en una tensi\u00f3n insana y desproporcionada. Y a algunos les arruina la vida porque viven envueltos en la negatividad auto inventada. S\u00f3lo existe un remedio natural consistente en estar en la fiesta que se celebra, en lo que uno est\u00e1 haciendo, en lo que hay, en el aqu\u00ed y ahora, en lo que est\u00e1 ocurriendo, en el presente, en fin. La preocupaci\u00f3n es\u00a0 un error mental, es una disfunci\u00f3n de la concentraci\u00f3n, es un estar sin estar, es vivir descoyuntados. Es un fallo de control mental en toda regla. Y sus efectos van siempre de negativos a nefastos, con un elevado sufrimiento auto inducido. Solo queda un remedio natural. Practicar la disciplina mental o centrarse en lo que hay, en lo que uno est\u00e1 haciendo y en lo que est\u00e1 ocurriendo y lo que venga ya vendr\u00e1 y lo resolveremos o afrontaremos como mejor podamos.\u00a0 Como la concentraci\u00f3n sufre en nuestros tiempos un acoso despiadado propiciado por los agoreros que nos circundan y como el riesgo impl\u00edcito es arruinar la vida a los preocupados conviene recordar que la gran mayor\u00eda de lo que nos preocupa no se cumple \u00a1nunca!<\/p>\n<!-- AddThis Advanced Settings generic via filter on the_content --><!-- AddThis Share Buttons generic via filter on the_content -->","protected":false},"excerpt":{"rendered":"<p>Una de las formas mejores de auto torturarse consiste en la tendencia a preocuparse en exceso. Preocuparse significa anticipar desgracias, reveses, inconvenientes, desastres, fallos, errores, fracasos, enfermedades, accidentes, contratiempos, dificultades\u00a0 y pegas y angustiarse por ello. Significa pensar en lo malo y negativo que nos ofrecer\u00e1 el futuro. Significa vivir con el alma en vilo [&hellip;]<!-- AddThis Advanced Settings generic via filter on get_the_excerpt --><!-- AddThis Share Buttons generic via filter on get_the_excerpt --><\/p>\n","protected":false},"author":8,"featured_media":0,"comment_status":"open","ping_status":"open","sticky":false,"template":"","format":"standard","meta":[],"categories":[1],"tags":[],"_links":{"self":[{"href":"https:\/\/blogs.elcomercio.es\/psicologo-de-cabecera\/wp-json\/wp\/v2\/posts\/2003"}],"collection":[{"href":"https:\/\/blogs.elcomercio.es\/psicologo-de-cabecera\/wp-json\/wp\/v2\/posts"}],"about":[{"href":"https:\/\/blogs.elcomercio.es\/psicologo-de-cabecera\/wp-json\/wp\/v2\/types\/post"}],"author":[{"embeddable":true,"href":"https:\/\/blogs.elcomercio.es\/psicologo-de-cabecera\/wp-json\/wp\/v2\/users\/8"}],"replies":[{"embeddable":true,"href":"https:\/\/blogs.elcomercio.es\/psicologo-de-cabecera\/wp-json\/wp\/v2\/comments?post=2003"}],"version-history":[{"count":1,"href":"https:\/\/blogs.elcomercio.es\/psicologo-de-cabecera\/wp-json\/wp\/v2\/posts\/2003\/revisions"}],"predecessor-version":[{"id":2004,"href":"https:\/\/blogs.elcomercio.es\/psicologo-de-cabecera\/wp-json\/wp\/v2\/posts\/2003\/revisions\/2004"}],"wp:attachment":[{"href":"https:\/\/blogs.elcomercio.es\/psicologo-de-cabecera\/wp-json\/wp\/v2\/media?parent=2003"}],"wp:term":[{"taxonomy":"category","embeddable":true,"href":"https:\/\/blogs.elcomercio.es\/psicologo-de-cabecera\/wp-json\/wp\/v2\/categories?post=2003"},{"taxonomy":"post_tag","embeddable":true,"href":"https:\/\/blogs.elcomercio.es\/psicologo-de-cabecera\/wp-json\/wp\/v2\/tags?post=2003"}],"curies":[{"name":"wp","href":"https:\/\/api.w.org\/{rel}","templated":true}]}}