{"id":2006,"date":"2025-12-01T09:42:47","date_gmt":"2025-12-01T08:42:47","guid":{"rendered":"https:\/\/blogs.elcomercio.es\/psicologo-de-cabecera\/?p=2006"},"modified":"2025-12-01T09:42:48","modified_gmt":"2025-12-01T08:42:48","slug":"no-hay-depresion-sin-ansiedad","status":"publish","type":"post","link":"https:\/\/blogs.elcomercio.es\/psicologo-de-cabecera\/2025\/12\/01\/no-hay-depresion-sin-ansiedad\/","title":{"rendered":"No hay depresi\u00f3n sin ansiedad"},"content":{"rendered":"\n<p>Aunque pueden parecer dos estados psicol\u00f3gicos independientes no lo son del todo pues no hay depresi\u00f3n sin ansiedad aunque si se puede dar y\u00a0 se da frecuentemente ansiedad sin depresi\u00f3n. Voy a explicarme.<\/p>\n\n\n\n<p>La depresi\u00f3n es&nbsp; un estado al que se llega porque previamente se ha dado en el paciente un estado de agotamiento psicol\u00f3gico. Sin ese agotamiento no hay depresi\u00f3n.<\/p>\n\n\n\n<p>Y el lector puede preguntarse&nbsp; \u00bfc\u00f3mo se llega a ese estado de agotamiento? Muy sencillo. Se llega despu\u00e9s de padecer o sufrir un estado m\u00e1s o menos prolongado en el tiempo de vivir en tensi\u00f3n vital, tensi\u00f3n emocional, estr\u00e9s o ansiedad que viene a ser el mismo perro con distintos collares.<\/p>\n\n\n\n<p>Mi experiencia es que todos los pacientes deprimidos tratados reconocieron que antes de llegar al baj\u00f3n emocional, \u201cdepre\u201d en sentido leve o depresi\u00f3n como estado m\u00e1s serio hab\u00edan pasado por una etapa, como digo, m\u00e1s o menos prolongada de vivir en tensi\u00f3n, de vivir estresados o vivir en agitaci\u00f3n emocional o ansiedad por distintas razones, bien por tener que afrontar dificultades, contratiempos o desgracias familiares, emocionales, financieras, laborales, de enfermedad o accidente, sobrevenidas o por alg\u00fan o algunos aspectos de su forma de ser, de tomarse la vida o de su personalidad. O de ambas cosas juntas. Esa ansiedad, tensi\u00f3n o estr\u00e9s la fue manifestando su organismo&nbsp; con distintas somatizaciones, que ellos no atribuyeron a ese estado por desconocimiento. Los s\u00edntomas pudieron ser ataques de ansiedad, insomnio, irritabilidad, molestias g\u00e1stricas, sensaci\u00f3n de ahogo o dificultad para respirar, dolores de cabeza, sensaci\u00f3n de mareo, y otros varios. Todo ello les fue produciendo un desgaste personal, inadvertido durante un tiempo, pero que eclosion\u00f3 en un momento dado hasta que, como dije, comienzan a sentir ese estado de agotamiento f\u00edsico-psicol\u00f3gico que de inmediato abre la puerta al estado depresivo.<\/p>\n\n\n\n<p>Es decir que la ansiedad puede durar tiempo sin llegar a aparecer la depresi\u00f3n pero si la depresi\u00f3n es la consecuencia del desgaste por ansiedad, estr\u00e9s y tensi\u00f3n vital y f\u00edsica se entiende que no hay depresi\u00f3n sin ansiedad.<\/p>\n\n\n\n<p>Por tanto no puede&nbsp; haber tratamiento solo para la depresi\u00f3n sino que es preciso tratar al mismo tiempo la ansiedad, que viene a ser la causa.<\/p>\n\n\n\n<p>Espero haber aportado claridad en este tema tan confuso, pero tan actual.<\/p>\n<!-- AddThis Advanced Settings generic via filter on the_content --><!-- AddThis Share Buttons generic via filter on the_content -->","protected":false},"excerpt":{"rendered":"<p>Aunque pueden parecer dos estados psicol\u00f3gicos independientes no lo son del todo pues no hay depresi\u00f3n sin ansiedad aunque si se puede dar y\u00a0 se da frecuentemente ansiedad sin depresi\u00f3n. Voy a explicarme. La depresi\u00f3n es&nbsp; un estado al que se llega porque previamente se ha dado en el paciente un estado de agotamiento psicol\u00f3gico. [&hellip;]<!-- AddThis Advanced Settings generic via filter on get_the_excerpt --><!-- AddThis Share Buttons generic via filter on get_the_excerpt --><\/p>\n","protected":false},"author":8,"featured_media":0,"comment_status":"open","ping_status":"open","sticky":false,"template":"","format":"standard","meta":[],"categories":[1],"tags":[],"_links":{"self":[{"href":"https:\/\/blogs.elcomercio.es\/psicologo-de-cabecera\/wp-json\/wp\/v2\/posts\/2006"}],"collection":[{"href":"https:\/\/blogs.elcomercio.es\/psicologo-de-cabecera\/wp-json\/wp\/v2\/posts"}],"about":[{"href":"https:\/\/blogs.elcomercio.es\/psicologo-de-cabecera\/wp-json\/wp\/v2\/types\/post"}],"author":[{"embeddable":true,"href":"https:\/\/blogs.elcomercio.es\/psicologo-de-cabecera\/wp-json\/wp\/v2\/users\/8"}],"replies":[{"embeddable":true,"href":"https:\/\/blogs.elcomercio.es\/psicologo-de-cabecera\/wp-json\/wp\/v2\/comments?post=2006"}],"version-history":[{"count":1,"href":"https:\/\/blogs.elcomercio.es\/psicologo-de-cabecera\/wp-json\/wp\/v2\/posts\/2006\/revisions"}],"predecessor-version":[{"id":2007,"href":"https:\/\/blogs.elcomercio.es\/psicologo-de-cabecera\/wp-json\/wp\/v2\/posts\/2006\/revisions\/2007"}],"wp:attachment":[{"href":"https:\/\/blogs.elcomercio.es\/psicologo-de-cabecera\/wp-json\/wp\/v2\/media?parent=2006"}],"wp:term":[{"taxonomy":"category","embeddable":true,"href":"https:\/\/blogs.elcomercio.es\/psicologo-de-cabecera\/wp-json\/wp\/v2\/categories?post=2006"},{"taxonomy":"post_tag","embeddable":true,"href":"https:\/\/blogs.elcomercio.es\/psicologo-de-cabecera\/wp-json\/wp\/v2\/tags?post=2006"}],"curies":[{"name":"wp","href":"https:\/\/api.w.org\/{rel}","templated":true}]}}