{"id":2024,"date":"2026-03-11T18:46:43","date_gmt":"2026-03-11T17:46:43","guid":{"rendered":"https:\/\/blogs.elcomercio.es\/psicologo-de-cabecera\/?p=2024"},"modified":"2026-03-11T18:46:43","modified_gmt":"2026-03-11T17:46:43","slug":"nadie-me-dijo-que-fuera-tan-malo","status":"publish","type":"post","link":"https:\/\/blogs.elcomercio.es\/psicologo-de-cabecera\/2026\/03\/11\/nadie-me-dijo-que-fuera-tan-malo\/","title":{"rendered":"Nadie me dijo que fuera tan malo"},"content":{"rendered":"\n<p>Dani, un chico de 18 a\u00f1os padece un edema pulmonar a consecuencia de vapear desde hace unos a\u00f1os. Y las palabras que ha pronunciado en el reportaje son las que dan titulo a este art\u00edculo.<\/p>\n\n\n\n<p>Es lamentable que exprese que nadie se lo dijo y m\u00e1s lamentable es que, por esa raz\u00f3n, no se haya podido evitar el grave da\u00f1o que padece. Quiz\u00e1s si se lo hubiesen dicho cabr\u00eda la posibilidad de no haber hecho caso. Pero eso no obsta para se\u00f1alar la responsabilidad que los padres tienen, si lo sab\u00edan, de haberle advertido del riesgo al que se enfrentaba, si segu\u00eda vapeando.<\/p>\n\n\n\n<p>A ra\u00edz de este y otros casos algunas comunidades aut\u00f3nomas se est\u00e1n planteando prohibir su uso a los menores de diecis\u00e9is (Asturias) o dieciocho (Galicia).<\/p>\n\n\n\n<p>Enseguida se recurre a la prohibici\u00f3n que no siempre es el mejor mecanismo de cambio de los usuarios. Ad\u00e1n y Eva ten\u00edan prohibido comer la fruta del \u00e1rbol del bien y del mal y lo comieron y as\u00ed nos fueron las cosas. Antes que eso est\u00e1 la obligaci\u00f3n de los padres y agentes sociales de inculcar una mentalidad responsable en el uso de sustancias nocivas para la salud. Lo que quiere decir que los padres, siempre en primer lugar, pero tambi\u00e9n otros agentes responsables educativos, sociales y pol\u00edticos deben velar por la salud de nuestros menores advirtiendo, inculcando, adoctrinando, educando, informando etc. de todas las formas posibles para que los protagonistas y usuarios al menos tengan plena conciencia de aquellos efectos nocivos a los que se exponen. Si como dice Dani \u201cnadie me dijo que fuera tan malo\u201d indica que en su caso hubo una dejaci\u00f3n de la responsabilidad de informar e insistir en los graves peligros que el consumo de ciertas sustancias implica, sobre todo para los m\u00e1s vulnerables, como son los menores.<\/p>\n\n\n\n<p>A prop\u00f3sito de este suceso hay que resaltar la importancia de la educaci\u00f3n en el consumo de productos nocivos. Toda insistencia es poca. Y aunque los padres digan que parece que les entra por un o\u00eddo y les sale por otro, siempre queda algo archivado en su mente que les puede ayudar y, si no queda, porque nadie puede meter a martillazos, como un clavo, en su mente esa informaci\u00f3n, al menos que los menores no puedan decir nunca, si se ven perjudicados, que nadie les advirti\u00f3. M\u00e1s vale prevenir que curar, suele decirse y aqu\u00ed viene a prop\u00f3sito.<\/p>\n<!-- AddThis Advanced Settings generic via filter on the_content --><!-- AddThis Share Buttons generic via filter on the_content -->","protected":false},"excerpt":{"rendered":"<p>Dani, un chico de 18 a\u00f1os padece un edema pulmonar a consecuencia de vapear desde hace unos a\u00f1os. Y las palabras que ha pronunciado en el reportaje son las que dan titulo a este art\u00edculo. Es lamentable que exprese que nadie se lo dijo y m\u00e1s lamentable es que, por esa raz\u00f3n, no se haya [&hellip;]<!-- AddThis Advanced Settings generic via filter on get_the_excerpt --><!-- AddThis Share Buttons generic via filter on get_the_excerpt --><\/p>\n","protected":false},"author":8,"featured_media":0,"comment_status":"open","ping_status":"open","sticky":false,"template":"","format":"standard","meta":[],"categories":[1],"tags":[],"_links":{"self":[{"href":"https:\/\/blogs.elcomercio.es\/psicologo-de-cabecera\/wp-json\/wp\/v2\/posts\/2024"}],"collection":[{"href":"https:\/\/blogs.elcomercio.es\/psicologo-de-cabecera\/wp-json\/wp\/v2\/posts"}],"about":[{"href":"https:\/\/blogs.elcomercio.es\/psicologo-de-cabecera\/wp-json\/wp\/v2\/types\/post"}],"author":[{"embeddable":true,"href":"https:\/\/blogs.elcomercio.es\/psicologo-de-cabecera\/wp-json\/wp\/v2\/users\/8"}],"replies":[{"embeddable":true,"href":"https:\/\/blogs.elcomercio.es\/psicologo-de-cabecera\/wp-json\/wp\/v2\/comments?post=2024"}],"version-history":[{"count":1,"href":"https:\/\/blogs.elcomercio.es\/psicologo-de-cabecera\/wp-json\/wp\/v2\/posts\/2024\/revisions"}],"predecessor-version":[{"id":2025,"href":"https:\/\/blogs.elcomercio.es\/psicologo-de-cabecera\/wp-json\/wp\/v2\/posts\/2024\/revisions\/2025"}],"wp:attachment":[{"href":"https:\/\/blogs.elcomercio.es\/psicologo-de-cabecera\/wp-json\/wp\/v2\/media?parent=2024"}],"wp:term":[{"taxonomy":"category","embeddable":true,"href":"https:\/\/blogs.elcomercio.es\/psicologo-de-cabecera\/wp-json\/wp\/v2\/categories?post=2024"},{"taxonomy":"post_tag","embeddable":true,"href":"https:\/\/blogs.elcomercio.es\/psicologo-de-cabecera\/wp-json\/wp\/v2\/tags?post=2024"}],"curies":[{"name":"wp","href":"https:\/\/api.w.org\/{rel}","templated":true}]}}