{"id":1009,"date":"2016-08-15T17:27:40","date_gmt":"2016-08-15T15:27:40","guid":{"rendered":"http:\/\/blogs.elcomercio.es\/reflexiones-de-belarmino\/?p=1009"},"modified":"2016-08-15T17:27:40","modified_gmt":"2016-08-15T15:27:40","slug":"senor-rajoy-con-la-misma-mayoria-que-eligio-a-ana-pastor-forme-gobierno","status":"publish","type":"post","link":"https:\/\/blogs.elcomercio.es\/reflexiones-de-belarmino\/2016\/08\/15\/senor-rajoy-con-la-misma-mayoria-que-eligio-a-ana-pastor-forme-gobierno\/","title":{"rendered":"\u00a1 Se\u00f1or Rajoy, CON LA MISMA MAYOR\u00cdA QUE ELIGI\u00d3 A ANA PASTOR, FORME GOBIERNO !"},"content":{"rendered":"<p><strong><em>Don Mariano, NO NOS VUELVA A MENTIR.<\/em><\/strong><\/p>\n<p><strong><em>Hace semanas usted tuvo acuerdos con los partidos de la derecha, constitucionales o nacionalistas, y tuvo la mayor\u00eda necesaria para poder elegir a la Mesa del Congreso.Pacto con quien quiso.Con Ciudadanos, que no ten\u00edan derecho les\u00a0dio\u00a02\u00a0espacios,entre ellos la Vicepresidencia primera.Cont\u00f3 con el PNV a quien le\u00a0dio\u00a0espacio en el Senado y con Convergencia\u00a0Democr\u00e1tica\u00a0de Catalu\u00f1a, quienes por confiar en usted se quedaron, por primera vez, sin Grupo Parlamentario.<\/em><\/strong><\/p>\n<p><strong><em>No estamos mintiendo.Usted logr\u00f3 la mayor\u00eda para conseguir la Mesa y sacar a Patxi L\u00f3pez de la jugada.Se benefici\u00f3 de nacionalistas vascos y catalanes y su marca blanca.\u00bf No es cierto?.<\/em><\/strong><\/p>\n<p><strong>Tiene raz\u00f3n Pedro S\u00e1nchez.Si usted tuvo mayor\u00eda para ello, FORME GOBIERNO CON LOS NACIONALISTAS y con Ciudadanos.Los n\u00fameros son claros.<\/strong><\/p>\n<p><strong><em>Ah, pero a usted no le conviene nacionalmente,despu\u00e9s del doble rasero con que mide a los nacionalistas, formar Gobierno como lo hizo con la\u00a0mayor\u00eda\u00a0de derecha de la C\u00e1mara: PP,Ciudadanos, PNV y CDC.<\/em><\/strong><\/p>\n<p><strong><em>Mucha gente no se percat\u00f3 de ello, pero el Pedro S\u00e1nchez y Patxi L\u00f3pez , a pesar de las tremendas presioness internas que sufren desde su propio partido, tiene la raz\u00f3n. Y usted en lugar de hablar claro, vuelve una vez m\u00e1s a mentir.Todos sus medios de\u00a0comunicaci\u00f3n,sus t\u00edteres y sus aliados innombrables,se han\u00a0lanzado\u00a0a decir &#8221; SI EL PSOE NO SE ABSTIENE\u00a0HABR\u00c1\u00a0NUEVAS\u00a0ELECCIONES &#8220;.<\/em><\/strong><\/p>\n<p><strong><em>Uno puede mentir una vez, dos veces, cien veces,como usted, pero m\u00e1s temprano la verdad\u00a0saldr\u00e1\u00a0a la luz.<\/em><\/strong><\/p>\n<p><strong><em>Fije<\/em><\/strong><strong><em>\u00a0Ana Pastor la fecha para su intento de formar gobierno. Ese d\u00eda\u00a0quedara\u00a0usted en evidencia por que perder\u00e1, \u00a0como le pas\u00f3 a Pedro\u00a0S\u00e1nchez y en la segunda votaci\u00f3n\u00a0vendr\u00eda\u00a0la abstenci\u00f3n del PSOE, o un muy\u00a0dif\u00edcil\u00a0entendimiento con la izquierda,\u00a0por\u00a0que los intereses que defiende el PP y el PSOE \u00a0son los mismos.<\/em><\/strong><\/p>\n<p><strong><em>Pero se top\u00f3 con Pedro Sanchez y con Patxi L\u00f3pez y no los va a doblar.<\/em><\/strong><\/p>\n<p><strong><em>Mire, sus declaraciones, el uso de los medios de comunicaci\u00f3n, sus\u00a0tertulianos\u00a0y sus t\u00edteres repetir\u00e1n &#8221; LO QUE DIGA MARIANO&#8221; que para eso les pagan.<\/em><\/strong><\/p>\n<p><strong>Mientras, si hay o no presupuestos; si nos retrasamos en resolver los problemas del pa\u00eds; si llegaremos el 18 de agosto a 281 d\u00edas sin gobierno, ser\u00e1 culpa suya se\u00f1or Mariano Rajoy.<\/strong><\/p>\n<p><strong><em>\u00bfA QUE LE TIENE MIEDO?..\u00bf A SUBIRSE A LA TRIBUNA Y SER DERROTADO?.<\/em><\/strong><\/p>\n<p><strong><em>Estamos hartos se\u00f1or Rajoy, se\u00f1or Arriola, de que se nos sigan \u00a0mintiendo.<\/em><\/strong><\/p>\n<p><strong><em>Ustedes ser\u00e1n los responsables si un d\u00eda la irritaci\u00f3n estalla&#8230;&#8230;.<\/em><\/strong><\/p>\n<!-- AddThis Advanced Settings generic via filter on the_content --><!-- AddThis Share Buttons generic via filter on the_content -->","protected":false},"excerpt":{"rendered":"<p>Don Mariano, NO NOS VUELVA A MENTIR. Hace semanas usted tuvo acuerdos con los partidos de la derecha, constitucionales o nacionalistas, y tuvo la mayor\u00eda necesaria para poder elegir a la Mesa del Congreso.Pacto con quien quiso.Con Ciudadanos, que no ten\u00edan derecho les\u00a0dio\u00a02\u00a0espacios,entre ellos la Vicepresidencia primera.Cont\u00f3 con el PNV a quien le\u00a0dio\u00a0espacio en el [&hellip;]<!-- AddThis Advanced Settings generic via filter on get_the_excerpt --><!-- AddThis Share Buttons generic via filter on get_the_excerpt --><\/p>\n","protected":false},"author":16,"featured_media":0,"comment_status":"open","ping_status":"closed","sticky":false,"template":"","format":"standard","meta":[],"categories":[5],"tags":[],"_links":{"self":[{"href":"https:\/\/blogs.elcomercio.es\/reflexiones-de-belarmino\/wp-json\/wp\/v2\/posts\/1009"}],"collection":[{"href":"https:\/\/blogs.elcomercio.es\/reflexiones-de-belarmino\/wp-json\/wp\/v2\/posts"}],"about":[{"href":"https:\/\/blogs.elcomercio.es\/reflexiones-de-belarmino\/wp-json\/wp\/v2\/types\/post"}],"author":[{"embeddable":true,"href":"https:\/\/blogs.elcomercio.es\/reflexiones-de-belarmino\/wp-json\/wp\/v2\/users\/16"}],"replies":[{"embeddable":true,"href":"https:\/\/blogs.elcomercio.es\/reflexiones-de-belarmino\/wp-json\/wp\/v2\/comments?post=1009"}],"version-history":[{"count":0,"href":"https:\/\/blogs.elcomercio.es\/reflexiones-de-belarmino\/wp-json\/wp\/v2\/posts\/1009\/revisions"}],"wp:attachment":[{"href":"https:\/\/blogs.elcomercio.es\/reflexiones-de-belarmino\/wp-json\/wp\/v2\/media?parent=1009"}],"wp:term":[{"taxonomy":"category","embeddable":true,"href":"https:\/\/blogs.elcomercio.es\/reflexiones-de-belarmino\/wp-json\/wp\/v2\/categories?post=1009"},{"taxonomy":"post_tag","embeddable":true,"href":"https:\/\/blogs.elcomercio.es\/reflexiones-de-belarmino\/wp-json\/wp\/v2\/tags?post=1009"}],"curies":[{"name":"wp","href":"https:\/\/api.w.org\/{rel}","templated":true}]}}