{"id":1013,"date":"2016-08-15T19:25:04","date_gmt":"2016-08-15T17:25:04","guid":{"rendered":"http:\/\/blogs.elcomercio.es\/reflexiones-de-belarmino\/?p=1013"},"modified":"2016-08-15T19:25:04","modified_gmt":"2016-08-15T17:25:04","slug":"sabe-usted-quien-es-abu-mohamed-al-adani-al-shima","status":"publish","type":"post","link":"https:\/\/blogs.elcomercio.es\/reflexiones-de-belarmino\/2016\/08\/15\/sabe-usted-quien-es-abu-mohamed-al-adani-al-shima\/","title":{"rendered":"\u00bf SABE USTED QUIEN ES ABU MOHAMED AL ADANI AL SHIMA ?"},"content":{"rendered":"<p><strong><em>Nadie sabe casi nada de \u00e9l y, sin embargo, es el n\u00famero dos del Estado Isl\u00e1mico y el Dirigente del IMMI( unidad de inteligencia. seguridad pol\u00edtica e interior y coordinaci\u00f3n de ataques en el extranjero).<\/em><\/strong><\/p>\n<p><strong><em>Sirio, en el ataque de Bush, Blair y Aznar,contra Sadam, se encontr\u00f3 con muchos otros dirigentes en la\u00a0c\u00e1rcel\u00a0de Camp Bubac en el\u00a0sudoeste de Irak,en especial con el iraki Al Bagdadi.All\u00ed, como hemos mantenido, se form\u00f3 el Estado Isl\u00e1mico, y all\u00ed es donde se analizaron los errores de Bin Laden(falta de un territorio propio).<\/em><\/strong><\/p>\n<p><strong><em>Llamado<\/em><\/strong><strong><em>\u00a0inicialmente \u00a0el Estado isl\u00e1mico de Irak y Levante, el 29 de junio en un comunicado \u00a0firmado por el desconocido AL ADANI, se pas\u00f3 a llamar ESTADO\u00a0ISL\u00c1MICO\u00a0y al frente de \u00e9l Al Bagdadi,<\/em><\/strong><\/p>\n<p><strong>A los 3 \u00a0meses se dirigi\u00f3 a los MUSULMANES EN EL EXTRANJERO y dijo&#8221;HAY QUE ATENTAR DONDE FUERA Y CON LO QUE FUERA&#8221; declarando la guerra al resto del mundo, &#8221; con cuchillos, hachas, camiones, con lo que puedan&#8221;.<\/strong><\/p>\n<p><strong>Detr\u00e1s de \u00e9l est\u00e1n los atentados de\u00a0B\u00e9lgica, de Francia, de Alemania, de Canad\u00e1 de Australia.Convirti\u00f3 la Guerra Santa, en algo\u00a0individual en manos de cualquier individuo, en cualquier pa\u00eds del mundo.<\/strong><\/p>\n<p><strong><em>Esa\u00a0estrategia\u00a0est\u00e1 ligada a las acciones terroristas bien planeadas que se est\u00e1n desarrollando en todo el mundo.<\/em><\/strong><\/p>\n<p><strong><em>Por el ofrecen 5 millones de d\u00f3lares los Estados Unidos, lo mismo que por Al Bagdad.<\/em><\/strong><\/p>\n<p><strong><em>Aunque esto lo analizaremos otro d\u00eda recuerde que para el EI, en As\u00eda(no olvidar que hay 1,500 millones de musulmanes en casi todo el mundo, 1,000 millones de cat\u00f3licos y 800 millones de protestantes, sin considera a los seguidores de Buda, De Confucio o de Laotse), HOY MALASIA ES SU NORMANDIA.<\/em><\/strong><\/p>\n<p><strong><em>Para plantarse,como lo hicieron al sur de Europa, en Egipto, Libia,Irak,, en Asia, todos sus objetivos est\u00e1n dirigidos a Indonesia, Malasia y Tailandia, para fortalecerse \u00a0en la parte sur de India y de China.<\/em><\/strong><\/p>\n<p><strong><em>Este problema es mundial y va en ascenso&#8230;..<\/em><\/strong><\/p>\n<!-- AddThis Advanced Settings generic via filter on the_content --><!-- AddThis Share Buttons generic via filter on the_content -->","protected":false},"excerpt":{"rendered":"<p>Nadie sabe casi nada de \u00e9l y, sin embargo, es el n\u00famero dos del Estado Isl\u00e1mico y el Dirigente del IMMI( unidad de inteligencia. seguridad pol\u00edtica e interior y coordinaci\u00f3n de ataques en el extranjero). Sirio, en el ataque de Bush, Blair y Aznar,contra Sadam, se encontr\u00f3 con muchos otros dirigentes en la\u00a0c\u00e1rcel\u00a0de Camp Bubac [&hellip;]<!-- AddThis Advanced Settings generic via filter on get_the_excerpt --><!-- AddThis Share Buttons generic via filter on get_the_excerpt --><\/p>\n","protected":false},"author":16,"featured_media":0,"comment_status":"open","ping_status":"closed","sticky":false,"template":"","format":"standard","meta":[],"categories":[5],"tags":[],"_links":{"self":[{"href":"https:\/\/blogs.elcomercio.es\/reflexiones-de-belarmino\/wp-json\/wp\/v2\/posts\/1013"}],"collection":[{"href":"https:\/\/blogs.elcomercio.es\/reflexiones-de-belarmino\/wp-json\/wp\/v2\/posts"}],"about":[{"href":"https:\/\/blogs.elcomercio.es\/reflexiones-de-belarmino\/wp-json\/wp\/v2\/types\/post"}],"author":[{"embeddable":true,"href":"https:\/\/blogs.elcomercio.es\/reflexiones-de-belarmino\/wp-json\/wp\/v2\/users\/16"}],"replies":[{"embeddable":true,"href":"https:\/\/blogs.elcomercio.es\/reflexiones-de-belarmino\/wp-json\/wp\/v2\/comments?post=1013"}],"version-history":[{"count":0,"href":"https:\/\/blogs.elcomercio.es\/reflexiones-de-belarmino\/wp-json\/wp\/v2\/posts\/1013\/revisions"}],"wp:attachment":[{"href":"https:\/\/blogs.elcomercio.es\/reflexiones-de-belarmino\/wp-json\/wp\/v2\/media?parent=1013"}],"wp:term":[{"taxonomy":"category","embeddable":true,"href":"https:\/\/blogs.elcomercio.es\/reflexiones-de-belarmino\/wp-json\/wp\/v2\/categories?post=1013"},{"taxonomy":"post_tag","embeddable":true,"href":"https:\/\/blogs.elcomercio.es\/reflexiones-de-belarmino\/wp-json\/wp\/v2\/tags?post=1013"}],"curies":[{"name":"wp","href":"https:\/\/api.w.org\/{rel}","templated":true}]}}