{"id":1031,"date":"2016-08-19T11:38:23","date_gmt":"2016-08-19T09:38:23","guid":{"rendered":"http:\/\/blogs.elcomercio.es\/reflexiones-de-belarmino\/?p=1031"},"modified":"2016-08-19T11:38:23","modified_gmt":"2016-08-19T09:38:23","slug":"fractura-en-el-partido-socialista-obrero-espanol","status":"publish","type":"post","link":"https:\/\/blogs.elcomercio.es\/reflexiones-de-belarmino\/2016\/08\/19\/fractura-en-el-partido-socialista-obrero-espanol\/","title":{"rendered":"\u00bf FRACTURA EN EL PARTIDO SOCIALISTA OBRERO ESPA\u00d1OL ?"},"content":{"rendered":"<p><strong>Cuando Mariano Rajoy, por fin, se va a mojar, es que&#8221; TIENE LOS PELOS DE LA BURRA EN LA MANO&#8221;.<\/strong><\/p>\n<p><strong><em>Dado que s\u00f3lo tiene hasta este momento los 137 esca\u00f1os del PP y los 32 de Ciudadanos, lo que sumar\u00edan 169, y si le agregamos Coalici\u00f3n Canaria que\u00a0siempre\u00a0ha dicho que Si, se tendr\u00edan asegurados 170 esca\u00f1os.<\/em><\/strong><\/p>\n<p><strong>Requiere Rajoy 6 esca\u00f1os m\u00e1s o 12 abstenciones.<\/strong><\/p>\n<p><strong>Dif\u00edcil<\/strong><strong>\u00a0que, despu\u00e9s de la experiencia que vivieron los catalanes de Pujol y Mas, de\u00a0otorgarles\u00a0sus votos y quedarse por primera vez en su\u00a0historia sin grupo parlamentario, aprendiendo como usa y\u00a0desusa\u00a0Mariano Rajoy a los que conf\u00edan en \u00e9l, no van ni a votar a favor ni a abstenerse.<\/strong><\/p>\n<p><strong>El Partido Nacionalista Vasco( el PNV que ha demostrado a lo largo de la historia que s\u00f3lo le interesan los vascos y ,si no recordemos el Pacto de Santo\u00f1a en 1937, en donde pactaron con Mussolini y se lanzaron contra Espa\u00f1a, a trav\u00e9s de la legalidad republicana despu\u00e9s del Golpe de Estado de Franco), y en plenas elecciones vascas que le\u00a0pasar\u00edan\u00a0factura si permite que llegue Rajoy, uno se pregunta de donde saldr\u00e1n los 6 que necesita y las cuentas no salen.<\/strong><\/p>\n<p><strong>Pero si se pregunta de donde podr\u00edan venir las 12 abstenciones, uno tiene que dirigir su mirada al PSOE.<\/strong><\/p>\n<p><strong><em>En la crisis interna donde Felipe Gonz\u00e1lez, Zapatero, Almunia, Susana, Fern\u00e1ndez est\u00e1n decididamente en contra de la posici\u00f3n de Pedro Sanchez y en favor de la abstenci\u00f3n para que llegue Rajoy, no\u00a0ser\u00eda\u00a0de extra\u00f1ar que,tras posibles conversaciones privadas \u00a0que hayan ocurrido quiz\u00e1s entre Rajoy y Felipe Gonz\u00e1lez o Guerra, en esos 7 d\u00edas del puente, tenga Rajoy la seguridad de que esos esca\u00f1os van a producirse en la votaci\u00f3n rompiendo el voto de la Ejecutiva del Partido.<\/em><\/strong><\/p>\n<p><strong><em>Si esa hip\u00f3tesis fuera correcta, Mariano Rajoy ser\u00eda Presidente en primera votaci\u00f3n.Ello ser\u00eda el primer golpe seco contra Pedro Sanchez, la convocatoria de un Congreso, su\u00a0sustituci\u00f3n, si antes el no renuncia, y la colocaci\u00f3n de Susana o de alguien m\u00e1s\u00a0al\u00a0frente del PSOE.<\/em><\/strong><\/p>\n<p><strong><em>Las bases socialistas y sus votantes, NO\u00a0ACEPTAR\u00cdAN\u00a0UN TAMAYAZO DE ESTA MAGNITUD, y el m\u00e1s\u00a0antiguo\u00a0partido\u00a0pol\u00edtico\u00a0de\u00a0Espa\u00f1a,\u00a0sufrir\u00eda una fractura, lo que lo llevar\u00eda, a un aislamiento en la oposici\u00f3n, a volver al Bipartidismo temporal, pero a una\u00a0larga traves\u00eda por el desierto para su regeneraci\u00f3n interna.<\/em><\/strong><\/p>\n<p><strong>Y si esa hip\u00f3tesis fuera correcta, \u00bf algunos de esos esca\u00f1os vendr\u00edan no s\u00f3lo de Andaluc\u00eda, sino de Asturias?<\/strong><\/p>\n<!-- AddThis Advanced Settings generic via filter on the_content --><!-- AddThis Share Buttons generic via filter on the_content -->","protected":false},"excerpt":{"rendered":"<p>Cuando Mariano Rajoy, por fin, se va a mojar, es que&#8221; TIENE LOS PELOS DE LA BURRA EN LA MANO&#8221;. Dado que s\u00f3lo tiene hasta este momento los 137 esca\u00f1os del PP y los 32 de Ciudadanos, lo que sumar\u00edan 169, y si le agregamos Coalici\u00f3n Canaria que\u00a0siempre\u00a0ha dicho que Si, se tendr\u00edan asegurados 170 [&hellip;]<!-- AddThis Advanced Settings generic via filter on get_the_excerpt --><!-- AddThis Share Buttons generic via filter on get_the_excerpt --><\/p>\n","protected":false},"author":16,"featured_media":0,"comment_status":"open","ping_status":"closed","sticky":false,"template":"","format":"standard","meta":[],"categories":[5],"tags":[],"_links":{"self":[{"href":"https:\/\/blogs.elcomercio.es\/reflexiones-de-belarmino\/wp-json\/wp\/v2\/posts\/1031"}],"collection":[{"href":"https:\/\/blogs.elcomercio.es\/reflexiones-de-belarmino\/wp-json\/wp\/v2\/posts"}],"about":[{"href":"https:\/\/blogs.elcomercio.es\/reflexiones-de-belarmino\/wp-json\/wp\/v2\/types\/post"}],"author":[{"embeddable":true,"href":"https:\/\/blogs.elcomercio.es\/reflexiones-de-belarmino\/wp-json\/wp\/v2\/users\/16"}],"replies":[{"embeddable":true,"href":"https:\/\/blogs.elcomercio.es\/reflexiones-de-belarmino\/wp-json\/wp\/v2\/comments?post=1031"}],"version-history":[{"count":0,"href":"https:\/\/blogs.elcomercio.es\/reflexiones-de-belarmino\/wp-json\/wp\/v2\/posts\/1031\/revisions"}],"wp:attachment":[{"href":"https:\/\/blogs.elcomercio.es\/reflexiones-de-belarmino\/wp-json\/wp\/v2\/media?parent=1031"}],"wp:term":[{"taxonomy":"category","embeddable":true,"href":"https:\/\/blogs.elcomercio.es\/reflexiones-de-belarmino\/wp-json\/wp\/v2\/categories?post=1031"},{"taxonomy":"post_tag","embeddable":true,"href":"https:\/\/blogs.elcomercio.es\/reflexiones-de-belarmino\/wp-json\/wp\/v2\/tags?post=1031"}],"curies":[{"name":"wp","href":"https:\/\/api.w.org\/{rel}","templated":true}]}}