{"id":1036,"date":"2016-08-19T13:16:26","date_gmt":"2016-08-19T11:16:26","guid":{"rendered":"http:\/\/blogs.elcomercio.es\/reflexiones-de-belarmino\/?p=1036"},"modified":"2016-08-19T13:16:26","modified_gmt":"2016-08-19T11:16:26","slug":"descabezado-hizmet-el-opus-dei-turco","status":"publish","type":"post","link":"https:\/\/blogs.elcomercio.es\/reflexiones-de-belarmino\/2016\/08\/19\/descabezado-hizmet-el-opus-dei-turco\/","title":{"rendered":"\u00a1 DESCABEZADO HIZMET, EL OPUS DEI TURCO. !"},"content":{"rendered":"<p><strong>Gracias a la\u00a0periodista\u00a0A. Mourenza en Estambul, hemos conocido algo que ha sido la llave para entender lo que pasa en Turqu\u00eda, el Golpe de Estado dirigido desde Estados Unidos por el cl\u00e9rigo Fetul\u00e1 G\u00fclen.<\/strong><\/p>\n<p><strong>No es un asunto menor.<\/strong><\/p>\n<p><strong><em>En los\u00a0\u00faltimos\u00a020 a\u00f1os este cl\u00e9rigo, copi\u00f3 seguramente de Monse\u00f1or Escriv\u00e1 y Balanguer en 1920 la formaci\u00f3n del Opus Dei espa\u00f1ol.<\/em><\/strong><\/p>\n<p><strong><em>HIZMETH, se cre\u00f3 para la toma del poder Pol\u00edtico,\u00a0Econ\u00f3mico\u00a0e\u00a0Intelectual\u00a0de Turqu\u00eda, con mecanismos secretos, y que est\u00e1 extendido hasta el d\u00eda de hoy desde\u00a0Afganist\u00e1n\u00a0o\u00a0Sud\u00e1frica\u00a0a\u00a0Estados Unidos, pasando por Espa\u00f1a y Argentina.<\/em><\/strong><\/p>\n<p><strong>Se calcula que tiene m\u00e1s de un mill\u00f3n de miembros, quienes no se conocen entre s\u00ed, y donde la figura del &#8220;ABI&#8221;(hermano mayor), es la figura clave, donde uno de ellos maestro de escuela puede tener bajo su mando a generales\u00a0de\u00a0ejercito.<\/strong><\/p>\n<p><strong><em>A finales de la\u00a0d\u00e9cada\u00a0de 1990 los g\u00fcilenistas se hab\u00edan infiltrado ampliamente en la\u00a0polic\u00eda.La reforma constitucional de 2010, promovida por Erdog\u00e1n, abri\u00f3 las altas esferas de la judicatura,quienes encausaron a militares que no simpatizaban con ellos y colocaron a militares de su organizaci\u00f3n.<\/em><\/strong><\/p>\n<p><strong>Gracias a a ello, los militares g\u00fclenistas-infiltrados\u00a0en el Ejercito a\u00f1os antes- se hicieron con los mecanismos de control de las promociones militares que aprovecharon para introducir y ascender a sus partidarios y\u00a0ralentizar\u00a0las carreras de sus oponentes.<\/strong><\/p>\n<p><strong><em>Todos los Abi, solo\u00a0responden\u00a0a su\u00a0Im\u00e1n\u00a0o el\u00a0l\u00edder\u00a0local de Hizmeth.<\/em><\/strong><\/p>\n<p><strong><em>La fortuna de Fetul\u00e1 G\u00fclen es de varias miles \u00a0 de millones de d\u00f3lares , y lo que bien sab\u00edan los Estados Unidos y Europa el d\u00eda que intento dar el Golpe, no la\u00a0conoc\u00edamos, por ello\u00a0aparec\u00edan &#8220;purgas de 80,000&#8221; personas o &#8220;vaciar las c\u00e1rceles&#8221; para encarcelar a los miembros de la\u00a0supranacional\u00a0HIZMETH.<\/em><\/strong><\/p>\n<p><strong>Ni m\u00e1s ni menos, Erdogan, hab\u00eda descabezado al OPUS DEI TURCO.<\/strong><\/p>\n<p>&nbsp;<\/p>\n<!-- AddThis Advanced Settings generic via filter on the_content --><!-- AddThis Share Buttons generic via filter on the_content -->","protected":false},"excerpt":{"rendered":"<p>Gracias a la\u00a0periodista\u00a0A. Mourenza en Estambul, hemos conocido algo que ha sido la llave para entender lo que pasa en Turqu\u00eda, el Golpe de Estado dirigido desde Estados Unidos por el cl\u00e9rigo Fetul\u00e1 G\u00fclen. No es un asunto menor. En los\u00a0\u00faltimos\u00a020 a\u00f1os este cl\u00e9rigo, copi\u00f3 seguramente de Monse\u00f1or Escriv\u00e1 y Balanguer en 1920 la formaci\u00f3n [&hellip;]<!-- AddThis Advanced Settings generic via filter on get_the_excerpt --><!-- AddThis Share Buttons generic via filter on get_the_excerpt --><\/p>\n","protected":false},"author":16,"featured_media":0,"comment_status":"open","ping_status":"closed","sticky":false,"template":"","format":"standard","meta":[],"categories":[5],"tags":[],"_links":{"self":[{"href":"https:\/\/blogs.elcomercio.es\/reflexiones-de-belarmino\/wp-json\/wp\/v2\/posts\/1036"}],"collection":[{"href":"https:\/\/blogs.elcomercio.es\/reflexiones-de-belarmino\/wp-json\/wp\/v2\/posts"}],"about":[{"href":"https:\/\/blogs.elcomercio.es\/reflexiones-de-belarmino\/wp-json\/wp\/v2\/types\/post"}],"author":[{"embeddable":true,"href":"https:\/\/blogs.elcomercio.es\/reflexiones-de-belarmino\/wp-json\/wp\/v2\/users\/16"}],"replies":[{"embeddable":true,"href":"https:\/\/blogs.elcomercio.es\/reflexiones-de-belarmino\/wp-json\/wp\/v2\/comments?post=1036"}],"version-history":[{"count":0,"href":"https:\/\/blogs.elcomercio.es\/reflexiones-de-belarmino\/wp-json\/wp\/v2\/posts\/1036\/revisions"}],"wp:attachment":[{"href":"https:\/\/blogs.elcomercio.es\/reflexiones-de-belarmino\/wp-json\/wp\/v2\/media?parent=1036"}],"wp:term":[{"taxonomy":"category","embeddable":true,"href":"https:\/\/blogs.elcomercio.es\/reflexiones-de-belarmino\/wp-json\/wp\/v2\/categories?post=1036"},{"taxonomy":"post_tag","embeddable":true,"href":"https:\/\/blogs.elcomercio.es\/reflexiones-de-belarmino\/wp-json\/wp\/v2\/tags?post=1036"}],"curies":[{"name":"wp","href":"https:\/\/api.w.org\/{rel}","templated":true}]}}