{"id":1057,"date":"2016-08-23T11:19:48","date_gmt":"2016-08-23T09:19:48","guid":{"rendered":"http:\/\/blogs.elcomercio.es\/reflexiones-de-belarmino\/?p=1057"},"modified":"2016-08-23T11:19:48","modified_gmt":"2016-08-23T09:19:48","slug":"la-triste-vejez-de-villa-la-f-s-a-y-asturias","status":"publish","type":"post","link":"https:\/\/blogs.elcomercio.es\/reflexiones-de-belarmino\/2016\/08\/23\/la-triste-vejez-de-villa-la-f-s-a-y-asturias\/","title":{"rendered":"\u00a1LA TRISTE VEJEZ DE VILLA, LA F.S.A Y ASTURIAS !"},"content":{"rendered":"<p><strong><em>La\u00a0triste\u00a0imagen de Jos\u00e9 Angel Fern\u00e1ndez Villa, era la viva imagen del como termina quien mal empez\u00f3 y mal obr\u00f3.<\/em><\/strong><\/p>\n<p><strong>Nunca desmentido por \u00e9l su origen de confidente de la\u00a0polic\u00eda\u00a0franquista, Villa aprovecho la fuerza de un sindicato heroico, su\u00a0oportunismo y la etapa democr\u00e1tica para subirse al caballo.All\u00ed cabalg\u00f3 y cabalg\u00f3 amo y se\u00f1or de un partido que era la Federaci\u00f3n\u00a0Socialista\u00a0Asturiana, donde COLOCO A TODOS LOS PRESIDENTES DEL PRINCIPADO y ECHO A UNO QUE LE ESTORBABA.<\/strong><\/p>\n<p><strong><em>En el SOMA, hizo y deshizo lo que se le antoj\u00f3.Borr\u00f3 de la historia,como Stalin hizo con Trosky, a aquellos que hab\u00edan luchado por hacer del SOMA desde 1910 lo que era, cuando el la tom\u00f3 en sus manos.<\/em><\/strong><\/p>\n<p><strong><em>Pero lo importante no es el se\u00f1or Jos\u00e9 Angel Fern\u00e1ndez Villa, a quien la historia ya juzg\u00f3, y por supuesto tambi\u00e9n \u00a0la sociedad, sino el papel que ocup\u00f3 en el devenir de Asturias.<\/em><\/strong><\/p>\n<p><strong><em>Al ser el cacique del PSOE, no habr\u00e1 habido cuadros\u00a0pol\u00edticos, sindicales, presidentes del principado, alcaldes, que este ciudadano no\u00a0haya &#8220;palomeado&#8221;.Una parte de los que se enriquecieron, fuera de la vida pol\u00edtica o sindical, supieron untarle al cacique lo necesario para ganar concursos y levantar fortunas materializadas en la compra de grandes palacetes indianos, algunos de ellos cercanos a Cudillero(sabe usted&#8230;.Vivir en Madrid, tomar un avi\u00f3n ir a su estudio, hacer el negocio y volver a Madrid).<\/em><\/strong><\/p>\n<p><strong>Por ello Jos\u00e9 Angel Fern\u00e1ndez Villa ha sido importante en lo que ha sucedido en nuestra regi\u00f3n durante casi 40 a\u00f1os.El PSOE, a trav\u00e9s de la Federaci\u00f3n Socialista Asturianas,\u00a0fue\u00a0un reflejo de lo que el cacique quer\u00eda, SIN QUE CASI NADIE, chistara.<\/strong><\/p>\n<p><strong>Pero dada la hist\u00f3rica trayectoria de Asturias, y el gobierno casi intermitente del PSOE unido con Izquierda Unida,que bien sab\u00eda con quien se aliaba por que no crec\u00eda, sombra de aquel legendario Partido Comunista de Espa\u00f1a, la Asturias que quedar\u00e1 al final de ese proceso ser\u00e1 la imagen del se\u00f1or Fern\u00e1ndez Villa.<\/strong><\/p>\n<p><strong>\u00bf Que Asturias ya no es la de hace 40 a\u00f1os?. Es cierto como no lo es Londres,\u00a0Par\u00eds, ni Moscu, ni M\u00e9xico, ni Buenos Aires, ni Somalia.<\/strong><\/p>\n<p><strong>La realidad de lo que signific\u00f3 Fern\u00e1ndez Villa y sus ac\u00f3litos, ahora callados, la van a tener que pagar nuestro hijos.<\/strong><\/p>\n<p><strong><em>Esa triste vejez, parece ser una sombre que cae sobre toda nuestra Asturias, que ojal\u00e1 remonte en mejores tiempos, con los j\u00f3venes actuales.<\/em><\/strong><\/p>\n<p>&nbsp;<\/p>\n<!-- AddThis Advanced Settings generic via filter on the_content --><!-- AddThis Share Buttons generic via filter on the_content -->","protected":false},"excerpt":{"rendered":"<p>La\u00a0triste\u00a0imagen de Jos\u00e9 Angel Fern\u00e1ndez Villa, era la viva imagen del como termina quien mal empez\u00f3 y mal obr\u00f3. Nunca desmentido por \u00e9l su origen de confidente de la\u00a0polic\u00eda\u00a0franquista, Villa aprovecho la fuerza de un sindicato heroico, su\u00a0oportunismo y la etapa democr\u00e1tica para subirse al caballo.All\u00ed cabalg\u00f3 y cabalg\u00f3 amo y se\u00f1or de un partido [&hellip;]<!-- AddThis Advanced Settings generic via filter on get_the_excerpt --><!-- AddThis Share Buttons generic via filter on get_the_excerpt --><\/p>\n","protected":false},"author":16,"featured_media":0,"comment_status":"open","ping_status":"closed","sticky":false,"template":"","format":"standard","meta":[],"categories":[5],"tags":[],"_links":{"self":[{"href":"https:\/\/blogs.elcomercio.es\/reflexiones-de-belarmino\/wp-json\/wp\/v2\/posts\/1057"}],"collection":[{"href":"https:\/\/blogs.elcomercio.es\/reflexiones-de-belarmino\/wp-json\/wp\/v2\/posts"}],"about":[{"href":"https:\/\/blogs.elcomercio.es\/reflexiones-de-belarmino\/wp-json\/wp\/v2\/types\/post"}],"author":[{"embeddable":true,"href":"https:\/\/blogs.elcomercio.es\/reflexiones-de-belarmino\/wp-json\/wp\/v2\/users\/16"}],"replies":[{"embeddable":true,"href":"https:\/\/blogs.elcomercio.es\/reflexiones-de-belarmino\/wp-json\/wp\/v2\/comments?post=1057"}],"version-history":[{"count":0,"href":"https:\/\/blogs.elcomercio.es\/reflexiones-de-belarmino\/wp-json\/wp\/v2\/posts\/1057\/revisions"}],"wp:attachment":[{"href":"https:\/\/blogs.elcomercio.es\/reflexiones-de-belarmino\/wp-json\/wp\/v2\/media?parent=1057"}],"wp:term":[{"taxonomy":"category","embeddable":true,"href":"https:\/\/blogs.elcomercio.es\/reflexiones-de-belarmino\/wp-json\/wp\/v2\/categories?post=1057"},{"taxonomy":"post_tag","embeddable":true,"href":"https:\/\/blogs.elcomercio.es\/reflexiones-de-belarmino\/wp-json\/wp\/v2\/tags?post=1057"}],"curies":[{"name":"wp","href":"https:\/\/api.w.org\/{rel}","templated":true}]}}