{"id":1063,"date":"2016-08-23T17:57:46","date_gmt":"2016-08-23T15:57:46","guid":{"rendered":"http:\/\/blogs.elcomercio.es\/reflexiones-de-belarmino\/?p=1063"},"modified":"2016-08-23T17:57:46","modified_gmt":"2016-08-23T15:57:46","slug":"senor-rajoy-sera-presidente-en-la-2a-su-pavor-nos-hizo-perder-315-dias-a-los-espanoles","status":"publish","type":"post","link":"https:\/\/blogs.elcomercio.es\/reflexiones-de-belarmino\/2016\/08\/23\/senor-rajoy-sera-presidente-en-la-2a-su-pavor-nos-hizo-perder-315-dias-a-los-espanoles\/","title":{"rendered":"\u00a1Se\u00f1or Rajoy, ser\u00e1 presidente en la 2a.-SU PAVOR NOS HIZO PERDER 315 D\u00cdAS A LOS ESPA\u00d1OLES !"},"content":{"rendered":"<p><strong><em>Creo que nadie duda que Mariano Rajoy va a ser el pr\u00f3ximo presidente del Gobierno de Espa\u00f1a.<\/em><\/strong><\/p>\n<p><strong>Creo que ser\u00e1 en segunda votaci\u00f3n,por que no hay partido pol\u00edtico en Espa\u00f1a m\u00e1s que el Partido Popular que no quiera darle respuesta a los cuatro a\u00f1os de mayor\u00eda absoluta y los desplantes que tuvo con la mayor\u00eda del pueblo espa\u00f1ol, a trav\u00e9s de los dem\u00e1s partidos y que apueste por una\u00a0terceras\u00a0elecciones.<\/strong><\/p>\n<p><strong><em>Reitero lo dicho hace unas semanas.Todos los que sufrieron esas afrentas de su mayor\u00eda absoluta, no le iban a dar ninguna oportunidad antes de que usted subiera y perdiera la votaci\u00f3n.<\/em><\/strong><\/p>\n<p><strong>Nadie quiere ir a unas terceras elecciones.<\/strong><\/p>\n<p><strong>Pero don Mariano Rajoy, tuvo 315 d\u00edas d\u00edas para hacerlo.Desde el primer d\u00eda usted era la fuerza m\u00e1s votada, y sin embargo NOS HIZO PERDER A TODOS LOS ESPA\u00d1OLES, TAL COMO EST\u00c1N LAS COSAS, por su PAVOR a subirse a la tribuna y ser derrotado.Mantengo que va en su DNI, y ahora, como no alternativa alguna, tuvo que ceder.<\/strong><\/p>\n<p><strong>Nos hizo perder a los espa\u00f1oles 315 d\u00edas de Gobierno para enfrentar los problemas no f\u00e1ciles. Ahora usted tendr\u00e1 que gobernar con la herencia de sus 4 a\u00f1os y casi un a\u00f1o sin gobernar, a los problemas del pa\u00eds, de por si graves, pero ahora mucho m\u00e1s.<\/strong><\/p>\n<p><strong>Mantengo siempre: quien obra mal, tarde o temprano lo paga.<\/strong><\/p>\n<p><strong>Nadie nos extra\u00f1aremos que a mitad de la Legislatura donde siga apoyando las pol\u00edticas de ajuste europeos; los problemas de la cruel Reforma Laboral y todos los dem\u00e1s etc. que sabe bien que tenemos, y vaya creciendo el descontento social caiga usted por una Moci\u00f3n de Censura.<\/strong><\/p>\n<p><strong>Y en este proceso, otra vez, como a lo largo de nuestra historia, daremos en el \u00a0pa\u00eds un paso atr\u00e1s de nuevo.<\/strong><\/p>\n<p><strong>Estamos pagando el no haber hecho nada productivo en tiempos del Imperio, en pasar,con la\u00a0sola\u00a0excepci\u00f3n de Jovellanos, de la\u00a0Ilustraci\u00f3n, de no producirse aqu\u00ed ninguna revoluci\u00f3n burguesa, a pesar de que otro asturiano,como Jovellanos,Rafael Riego fuera el iniciador, el impulsor de todos el proceso de las revoluciones burguesas del siglo XIX, cuando los franceses nos mandaron a los llamados &#8220;100,000 hombres de San Luis&#8221; para restablecer a Fernando VII.<\/strong><\/p>\n<p><strong>Pagar\u00e1n nuestros hijos y nuestros nietos, lo anterior, m\u00e1s la\u00a0rebeli\u00f3n\u00a0militar contra la Segunda Rep\u00fablica, los 40 a\u00f1os de dictadura y la\u00a0transici\u00f3n impulsada por los mismos poderes f\u00e1cticos, m\u00e1s Alemania y los E.U.<\/strong><\/p>\n<!-- AddThis Advanced Settings generic via filter on the_content --><!-- AddThis Share Buttons generic via filter on the_content -->","protected":false},"excerpt":{"rendered":"<p>Creo que nadie duda que Mariano Rajoy va a ser el pr\u00f3ximo presidente del Gobierno de Espa\u00f1a. Creo que ser\u00e1 en segunda votaci\u00f3n,por que no hay partido pol\u00edtico en Espa\u00f1a m\u00e1s que el Partido Popular que no quiera darle respuesta a los cuatro a\u00f1os de mayor\u00eda absoluta y los desplantes que tuvo con la mayor\u00eda [&hellip;]<!-- AddThis Advanced Settings generic via filter on get_the_excerpt --><!-- AddThis Share Buttons generic via filter on get_the_excerpt --><\/p>\n","protected":false},"author":16,"featured_media":0,"comment_status":"open","ping_status":"closed","sticky":false,"template":"","format":"standard","meta":[],"categories":[5],"tags":[],"_links":{"self":[{"href":"https:\/\/blogs.elcomercio.es\/reflexiones-de-belarmino\/wp-json\/wp\/v2\/posts\/1063"}],"collection":[{"href":"https:\/\/blogs.elcomercio.es\/reflexiones-de-belarmino\/wp-json\/wp\/v2\/posts"}],"about":[{"href":"https:\/\/blogs.elcomercio.es\/reflexiones-de-belarmino\/wp-json\/wp\/v2\/types\/post"}],"author":[{"embeddable":true,"href":"https:\/\/blogs.elcomercio.es\/reflexiones-de-belarmino\/wp-json\/wp\/v2\/users\/16"}],"replies":[{"embeddable":true,"href":"https:\/\/blogs.elcomercio.es\/reflexiones-de-belarmino\/wp-json\/wp\/v2\/comments?post=1063"}],"version-history":[{"count":0,"href":"https:\/\/blogs.elcomercio.es\/reflexiones-de-belarmino\/wp-json\/wp\/v2\/posts\/1063\/revisions"}],"wp:attachment":[{"href":"https:\/\/blogs.elcomercio.es\/reflexiones-de-belarmino\/wp-json\/wp\/v2\/media?parent=1063"}],"wp:term":[{"taxonomy":"category","embeddable":true,"href":"https:\/\/blogs.elcomercio.es\/reflexiones-de-belarmino\/wp-json\/wp\/v2\/categories?post=1063"},{"taxonomy":"post_tag","embeddable":true,"href":"https:\/\/blogs.elcomercio.es\/reflexiones-de-belarmino\/wp-json\/wp\/v2\/tags?post=1063"}],"curies":[{"name":"wp","href":"https:\/\/api.w.org\/{rel}","templated":true}]}}