{"id":1148,"date":"2016-09-03T10:12:26","date_gmt":"2016-09-03T08:12:26","guid":{"rendered":"http:\/\/blogs.elcomercio.es\/reflexiones-de-belarmino\/?p=1148"},"modified":"2016-09-03T10:12:26","modified_gmt":"2016-09-03T08:12:26","slug":"rusia-mata-en-alepo-a-al-aldadisegundo-del-estado-islamico-repercusiones","status":"publish","type":"post","link":"https:\/\/blogs.elcomercio.es\/reflexiones-de-belarmino\/2016\/09\/03\/rusia-mata-en-alepo-a-al-aldadisegundo-del-estado-islamico-repercusiones\/","title":{"rendered":"\u00a1RUSIA MATA EN ALEPO A AL ALDADI,SEGUNDO DEL ESTADO ISLAMICO!.\u00bf Repercusiones?"},"content":{"rendered":"<p><strong><em>Hace unos d\u00edas\u00a0habl\u00e1bamos\u00a0de la importancia del Mohamed Al Aldadi, no s\u00f3lo el segundo del Estado Isl\u00e1mico, sino el promotor de usar todos\u00a0los elementos a la mano\u00a0\u00a0para acabar con los &#8220;infieles&#8221; en el extranjero con cualquier objeto\u00a0Coment\u00e1bamos\u00a0como los\u00a0Estados\u00a0Unidos\u00a0ofrec\u00eda\u00a0la misma recompensa por Al Bagdadi,\u00a0l\u00edder\u00a0del Estado Isl\u00e1mico, 5 millones de dolares.<\/em><\/strong><\/p>\n<p><strong>El jueves se hizo publica la muerte de Mohamed Al Aldadi,\u00a0responsable\u00a0de todas las muertes en el extranjero del Estado Isl\u00e1mico.No era un\u00a0asunto menor.<\/strong><\/p>\n<p><strong>Sin embargo, lo interesante, a pesar del intento de E:U. de\u00a0atribu\u00edrselo, fue que Rusia era el que atacando a los yihadistas en Alepo, Siria,\u00a0habiendo ubicado a este hombre el lo liquid\u00f3.<\/strong><\/p>\n<p><strong><em>Ahora todos los estados europeos le deben la muerte de su gran enemigo, a Rusia y a Vladimir Putin.<\/em><\/strong><\/p>\n<p><strong><em>Noticia de primer nivel,poco conocida, tendr\u00e1 repercusiones.Habr\u00e1 debilitado todo el aparato del Estado Isl\u00e1mico, pero&#8230;&#8230;.posiblemente haya en las pr\u00f3ximas semanas fuertes respuestas en muchos paises: liquidaron a su\u00a0l\u00edder&#8230;&#8230;&#8230;<\/em><\/strong><\/p>\n<p>&nbsp;<\/p>\n<!-- AddThis Advanced Settings generic via filter on the_content --><!-- AddThis Share Buttons generic via filter on the_content -->","protected":false},"excerpt":{"rendered":"<p>Hace unos d\u00edas\u00a0habl\u00e1bamos\u00a0de la importancia del Mohamed Al Aldadi, no s\u00f3lo el segundo del Estado Isl\u00e1mico, sino el promotor de usar todos\u00a0los elementos a la mano\u00a0\u00a0para acabar con los &#8220;infieles&#8221; en el extranjero con cualquier objeto\u00a0Coment\u00e1bamos\u00a0como los\u00a0Estados\u00a0Unidos\u00a0ofrec\u00eda\u00a0la misma recompensa por Al Bagdadi,\u00a0l\u00edder\u00a0del Estado Isl\u00e1mico, 5 millones de dolares. El jueves se hizo publica la muerte [&hellip;]<!-- AddThis Advanced Settings generic via filter on get_the_excerpt --><!-- AddThis Share Buttons generic via filter on get_the_excerpt --><\/p>\n","protected":false},"author":16,"featured_media":0,"comment_status":"open","ping_status":"closed","sticky":false,"template":"","format":"standard","meta":[],"categories":[5],"tags":[],"_links":{"self":[{"href":"https:\/\/blogs.elcomercio.es\/reflexiones-de-belarmino\/wp-json\/wp\/v2\/posts\/1148"}],"collection":[{"href":"https:\/\/blogs.elcomercio.es\/reflexiones-de-belarmino\/wp-json\/wp\/v2\/posts"}],"about":[{"href":"https:\/\/blogs.elcomercio.es\/reflexiones-de-belarmino\/wp-json\/wp\/v2\/types\/post"}],"author":[{"embeddable":true,"href":"https:\/\/blogs.elcomercio.es\/reflexiones-de-belarmino\/wp-json\/wp\/v2\/users\/16"}],"replies":[{"embeddable":true,"href":"https:\/\/blogs.elcomercio.es\/reflexiones-de-belarmino\/wp-json\/wp\/v2\/comments?post=1148"}],"version-history":[{"count":0,"href":"https:\/\/blogs.elcomercio.es\/reflexiones-de-belarmino\/wp-json\/wp\/v2\/posts\/1148\/revisions"}],"wp:attachment":[{"href":"https:\/\/blogs.elcomercio.es\/reflexiones-de-belarmino\/wp-json\/wp\/v2\/media?parent=1148"}],"wp:term":[{"taxonomy":"category","embeddable":true,"href":"https:\/\/blogs.elcomercio.es\/reflexiones-de-belarmino\/wp-json\/wp\/v2\/categories?post=1148"},{"taxonomy":"post_tag","embeddable":true,"href":"https:\/\/blogs.elcomercio.es\/reflexiones-de-belarmino\/wp-json\/wp\/v2\/tags?post=1148"}],"curies":[{"name":"wp","href":"https:\/\/api.w.org\/{rel}","templated":true}]}}