{"id":11541,"date":"2019-11-01T09:18:09","date_gmt":"2019-11-01T08:18:09","guid":{"rendered":"https:\/\/blogs.elcomercio.es\/reflexiones-de-belarmino\/?p=11541"},"modified":"2019-11-01T09:18:09","modified_gmt":"2019-11-01T08:18:09","slug":"acaba-de-empezar-la-campana-electoral-entre-la-indecision-y-el-hastio","status":"publish","type":"post","link":"https:\/\/blogs.elcomercio.es\/reflexiones-de-belarmino\/2019\/11\/01\/acaba-de-empezar-la-campana-electoral-entre-la-indecision-y-el-hastio\/","title":{"rendered":"\u00a1\u00a1ACABA DE EMPEZAR LA CAMPA\u00d1A ELECTORAL ENTRE LA INDECISI\u00d2N Y EL HAST\u00ccO !!"},"content":{"rendered":"<p><strong>A 9 d\u00ecas de la cita en las urnas, creemos que debe de haber dos millones de personas que est\u00e0n entre votar o no; entre votar al mismo partido o cambiarlo.En muchos casos no ser\u00e0 sino hasta el instante en que se tenga que tomar la boleta para votar ya en el punto de votaci\u00f2n.<\/strong><\/p>\n<p><strong>Hay una poblaci\u00f2n hastiada de tanta incapacidad de la clase politica que los lleva de nuevo a votar, que no tiene o no le importa ya en estos momentos pensar demasiado en lo que significar\u00eca tal o cual resultado, lo que hace peligrosamente la decisi\u00f2n final.<\/strong><\/p>\n<p><strong>Y eso, que todavia no se sabe, o algunos que est\u00e0n detr\u00e0s de ellos,si, lo que pasar\u00e0 en Catalu\u00f1a el lunes con la visita del rey o en la jornada de reflexi\u00f2n donde los catalanes se movilizar\u00e0n &#8221; para ense\u00f1arles a los espa\u00f1oles a que reflexionen de lo que pasa en Catalu\u00f1a&#8221;.<\/strong><\/p>\n<p><strong>La informaci\u00f2n que nos suele llegar habla de un 69 % de participaci\u00f2n,uno de cuyos ejemplos es de que s\u00f2lo el 30 % de los que votaron por correo en las anteriores elecciones lo han hecho ahora.<\/strong><\/p>\n<p><strong>El lunes se producir\u00e0 el pol\u00e8mico debate a 5, que influir\u00e0 tambi\u00e8n.Es la primera vez que Abascal tiene la posibilidad,uno de los mejores oradores, de confrontarse con Iglesias y sobre todo con Pedro S\u00e0nchez.<\/strong><\/p>\n<p><strong>Lo que iniciamos hoy, es algo, mucho m\u00e0s que unas simples elecciones generales.Los intereses que est\u00e0n en juego,con dos actores nuevos la Catalu\u00f1a actual y la presencia de la ultraderecha, nos llevan a la preocupaci\u00f2n principal: \u00bf Habr\u00e0 gobierno estable o no ?.<\/strong><\/p>\n<p><strong>De no lograrlo, las tensiones sociales ir\u00e0n en aumento.Hemos dicho que muchos de los j\u00f2venes encapuchados que observamos, son los mismos j\u00f2venes sin futuro, desesperados de toda Espa\u00f1a, con una diferencia: All\u00ec les vendieron una utopia, por la que luchan. En el resto de Espa\u00f1a esos j\u00f2venes no la tienen.<\/strong><\/p>\n<p><strong>Bien, empezamos.<\/strong><\/p>\n<!-- AddThis Advanced Settings generic via filter on the_content --><!-- AddThis Share Buttons generic via filter on the_content -->","protected":false},"excerpt":{"rendered":"<p>A 9 d\u00ecas de la cita en las urnas, creemos que debe de haber dos millones de personas que est\u00e0n entre votar o no; entre votar al mismo partido o cambiarlo.En muchos casos no ser\u00e0 sino hasta el instante en que se tenga que tomar la boleta para votar ya en el punto de votaci\u00f2n. [&hellip;]<!-- AddThis Advanced Settings generic via filter on get_the_excerpt --><!-- AddThis Share Buttons generic via filter on get_the_excerpt --><\/p>\n","protected":false},"author":16,"featured_media":0,"comment_status":"open","ping_status":"closed","sticky":false,"template":"","format":"standard","meta":[],"categories":[1],"tags":[],"_links":{"self":[{"href":"https:\/\/blogs.elcomercio.es\/reflexiones-de-belarmino\/wp-json\/wp\/v2\/posts\/11541"}],"collection":[{"href":"https:\/\/blogs.elcomercio.es\/reflexiones-de-belarmino\/wp-json\/wp\/v2\/posts"}],"about":[{"href":"https:\/\/blogs.elcomercio.es\/reflexiones-de-belarmino\/wp-json\/wp\/v2\/types\/post"}],"author":[{"embeddable":true,"href":"https:\/\/blogs.elcomercio.es\/reflexiones-de-belarmino\/wp-json\/wp\/v2\/users\/16"}],"replies":[{"embeddable":true,"href":"https:\/\/blogs.elcomercio.es\/reflexiones-de-belarmino\/wp-json\/wp\/v2\/comments?post=11541"}],"version-history":[{"count":2,"href":"https:\/\/blogs.elcomercio.es\/reflexiones-de-belarmino\/wp-json\/wp\/v2\/posts\/11541\/revisions"}],"predecessor-version":[{"id":11543,"href":"https:\/\/blogs.elcomercio.es\/reflexiones-de-belarmino\/wp-json\/wp\/v2\/posts\/11541\/revisions\/11543"}],"wp:attachment":[{"href":"https:\/\/blogs.elcomercio.es\/reflexiones-de-belarmino\/wp-json\/wp\/v2\/media?parent=11541"}],"wp:term":[{"taxonomy":"category","embeddable":true,"href":"https:\/\/blogs.elcomercio.es\/reflexiones-de-belarmino\/wp-json\/wp\/v2\/categories?post=11541"},{"taxonomy":"post_tag","embeddable":true,"href":"https:\/\/blogs.elcomercio.es\/reflexiones-de-belarmino\/wp-json\/wp\/v2\/tags?post=11541"}],"curies":[{"name":"wp","href":"https:\/\/api.w.org\/{rel}","templated":true}]}}