{"id":11549,"date":"2019-11-01T16:28:19","date_gmt":"2019-11-01T15:28:19","guid":{"rendered":"https:\/\/blogs.elcomercio.es\/reflexiones-de-belarmino\/?p=11549"},"modified":"2019-11-01T16:28:19","modified_gmt":"2019-11-01T15:28:19","slug":"la-o-n-u-acaba-de-aprobar-que-la-cumbre-del-cambio-climatico-se-celebre-en-madrid","status":"publish","type":"post","link":"https:\/\/blogs.elcomercio.es\/reflexiones-de-belarmino\/2019\/11\/01\/la-o-n-u-acaba-de-aprobar-que-la-cumbre-del-cambio-climatico-se-celebre-en-madrid\/","title":{"rendered":"\u00a1\u00a1 LA O.N.U, ACABA DE APROBAR QUE LA CUMBRE DEL CAMBIO CLIM\u00c0TICO SE CELEBRE EN MADRID!!   !!"},"content":{"rendered":"<p><strong>Sin esperar,como se cre\u00eca, a la semana pr\u00f2xima, la Organizaci\u00f2n de las Naciones Unidas ha\u00a0 decidido que la Cumbre del Cambio Clim\u00e0tico se celebrar\u00e0 en Espa\u00f1a, en la ciudad de Madrid ,del 2 al 13 de diciembre pr\u00f2ximo.<\/strong><\/p>\n<p><strong>La decisi\u00f2n del presidente en funciones Pedro S\u00e0nchez de, ante la renuncia de Sebasti\u00e0n Pi\u00f1era presidente de Chile, proponer a Espa\u00f1a para celebrarla fue muy bien acogida por parte de la comunidad internacional.<\/strong><\/p>\n<p><strong>Madrid tiene toda la infraestructura para celebrar este evento tan importante.<\/strong><\/p>\n<p><strong>Los hosteleros de Madrid han mostrado su beneplacito por acoger a un Cumbre de este tipo con una asistencia aproximada de 25,000 personas.Las organizaciones ecologistas mundiales tambien lo han recibido bien.<\/strong><\/p>\n<p><strong>Los primeros por la derrema econ\u00f2mica que ello les significa y los ecologistas por que impulsaran en la cuarta econom\u00eca de Europa las acciones contra el Cambio Clim\u00e0tico.<\/strong><\/p>\n<p><strong>Greta Thumberg que est\u00e0 de gira por Canada, Estados Unidos y pasar\u00e0 por M\u00e8xico, ten\u00eca como \u00f9nto final de ese viaje Santiago de Chile.<\/strong><\/p>\n<p><strong>Ahora en diciembre estar\u00e0 en Madrid. Por cierto esta adolescente de 16 a\u00f1os, que encabeza un poderoso movimiento juvenil en la lucha por el Cambio Clim\u00e0tico acaba de rechazar un importante premio y el importe de 200.000 d\u00f2lares.<\/strong><\/p>\n<p><strong>Una buena noticia para Espa\u00f1a, que permitir\u00e0 avanzar en las acciones de todo el pa\u00ecs.<\/strong><\/p>\n<p><strong>Por supuesto tambien para Asturias.<\/strong><\/p>\n<!-- AddThis Advanced Settings generic via filter on the_content --><!-- AddThis Share Buttons generic via filter on the_content -->","protected":false},"excerpt":{"rendered":"<p>Sin esperar,como se cre\u00eca, a la semana pr\u00f2xima, la Organizaci\u00f2n de las Naciones Unidas ha\u00a0 decidido que la Cumbre del Cambio Clim\u00e0tico se celebrar\u00e0 en Espa\u00f1a, en la ciudad de Madrid ,del 2 al 13 de diciembre pr\u00f2ximo. La decisi\u00f2n del presidente en funciones Pedro S\u00e0nchez de, ante la renuncia de Sebasti\u00e0n Pi\u00f1era presidente de [&hellip;]<!-- AddThis Advanced Settings generic via filter on get_the_excerpt --><!-- AddThis Share Buttons generic via filter on get_the_excerpt --><\/p>\n","protected":false},"author":16,"featured_media":0,"comment_status":"open","ping_status":"closed","sticky":false,"template":"","format":"standard","meta":[],"categories":[1],"tags":[],"_links":{"self":[{"href":"https:\/\/blogs.elcomercio.es\/reflexiones-de-belarmino\/wp-json\/wp\/v2\/posts\/11549"}],"collection":[{"href":"https:\/\/blogs.elcomercio.es\/reflexiones-de-belarmino\/wp-json\/wp\/v2\/posts"}],"about":[{"href":"https:\/\/blogs.elcomercio.es\/reflexiones-de-belarmino\/wp-json\/wp\/v2\/types\/post"}],"author":[{"embeddable":true,"href":"https:\/\/blogs.elcomercio.es\/reflexiones-de-belarmino\/wp-json\/wp\/v2\/users\/16"}],"replies":[{"embeddable":true,"href":"https:\/\/blogs.elcomercio.es\/reflexiones-de-belarmino\/wp-json\/wp\/v2\/comments?post=11549"}],"version-history":[{"count":3,"href":"https:\/\/blogs.elcomercio.es\/reflexiones-de-belarmino\/wp-json\/wp\/v2\/posts\/11549\/revisions"}],"predecessor-version":[{"id":11552,"href":"https:\/\/blogs.elcomercio.es\/reflexiones-de-belarmino\/wp-json\/wp\/v2\/posts\/11549\/revisions\/11552"}],"wp:attachment":[{"href":"https:\/\/blogs.elcomercio.es\/reflexiones-de-belarmino\/wp-json\/wp\/v2\/media?parent=11549"}],"wp:term":[{"taxonomy":"category","embeddable":true,"href":"https:\/\/blogs.elcomercio.es\/reflexiones-de-belarmino\/wp-json\/wp\/v2\/categories?post=11549"},{"taxonomy":"post_tag","embeddable":true,"href":"https:\/\/blogs.elcomercio.es\/reflexiones-de-belarmino\/wp-json\/wp\/v2\/tags?post=11549"}],"curies":[{"name":"wp","href":"https:\/\/api.w.org\/{rel}","templated":true}]}}