{"id":11553,"date":"2019-11-01T16:51:16","date_gmt":"2019-11-01T15:51:16","guid":{"rendered":"https:\/\/blogs.elcomercio.es\/reflexiones-de-belarmino\/?p=11553"},"modified":"2019-11-01T16:51:16","modified_gmt":"2019-11-01T15:51:16","slug":"pedro-sanchez-sera-el-proximo-presidente-del-gobierno-de-espana-2019-2024","status":"publish","type":"post","link":"https:\/\/blogs.elcomercio.es\/reflexiones-de-belarmino\/2019\/11\/01\/pedro-sanchez-sera-el-proximo-presidente-del-gobierno-de-espana-2019-2024\/","title":{"rendered":"\u00a1\u00a1 PEDRO SANCHEZ SERA EL PR\u00d2XIMO PRESIDENTE DEL GOBIERNO DE ESPA\u00d1A 2019-2024 !!"},"content":{"rendered":"<p><strong>Hoy se di\u00f2 la primera encuesta que cubren tanto las protestas de Catalu\u00f1a como la exhumaci\u00f2n de Franco. La di\u00f2 la Sexta realizada por Invirmak.<\/strong><\/p>\n<p><strong>Sus resultados se orientan m\u00e0s a la generalidad de todas las demas encuestas que a las del CIS.Creo, que coincidiendo con la de todos los partidos, que hicieron que surgiera el mensaje que quer\u00eca Pablo Iglesias, Pedro Sanchez de que no se apoyar\u00ecan en el Partido Popular y a partir de la insistencia de Rivera de que podr\u00ecan hacer una gran coalici\u00f2n en la derecha como en Andalucia, los n\u00f9meros no dan.<\/strong><\/p>\n<p><strong>El PSOE y VOX, no avanzan: si lo hace el PP con un 5.3 % y bajan CIUDADANOS con un 6 % y Unidas Podemos con 2.5 %.<\/strong><\/p>\n<p><strong>PARTIDO SOCIALISTA OBRERO ESPA\u00d1OL&#8230;&#8230;.. 27. 9%<\/strong><\/p>\n<p><strong>PARTIDO POPULAR&#8230;&#8230;&#8230;&#8230;&#8230;&#8230;&#8230;&#8230;&#8230;&#8230;&#8230;&#8230;&#8230;.. 22.0%<\/strong><\/p>\n<p><strong>UNIDAS PODEMOS&#8230;&#8230;&#8230;&#8230;&#8230;&#8230;&#8230;&#8230;&#8230;&#8230;&#8230;&#8230;&#8230;..\u00a0\u00a0 11.8 %<\/strong><\/p>\n<p><strong>VOX&#8230;&#8230;&#8230;&#8230;&#8230;&#8230;&#8230;&#8230;&#8230;&#8230;&#8230;&#8230;&#8230;&#8230;&#8230;&#8230;&#8230;&#8230;&#8230;&#8230;\u00a0\u00a0\u00a0\u00a0\u00a0\u00a0\u00a0 10.5 %<\/strong><\/p>\n<p><strong>CIUDADANOS&#8230;&#8230;&#8230;&#8230;&#8230;&#8230;&#8230;&#8230;&#8230;&#8230;&#8230;&#8230;&#8230;&#8230;&#8230;..\u00a0\u00a0\u00a0\u00a0\u00a0\u00a0 9.9 %<\/strong><\/p>\n<p><strong>MAS PAIS&#8230;&#8230;&#8230;&#8230;&#8230;&#8230;&#8230;&#8230;&#8230;&#8230;&#8230;&#8230;&#8230;&#8230;&#8230;&#8230;&#8230;.\u00a0\u00a0\u00a0\u00a0\u00a0\u00a0\u00a0\u00a0\u00a0 3.0%<\/strong><\/p>\n<p>&nbsp;<\/p>\n<p><strong>La suma de la izquierda es, en la estimaci\u00f2n, el 46 .0% y la de la derecha 42.4, pero faltan todos los partidos nacionalistas.Tan s\u00f2lo en Catalu\u00f1a, en la ruptura ERC\u00a0 m\u00e0s que doblar\u00eca a Puigdemont y a la CUP, con un estimado igual al de Ciudadanos.<\/strong><\/p>\n<p><strong>De ser as\u00ec, a Albert Rivera, habr\u00eca que decirle que &#8220;La pandilla, de sociatas, comunistas, nacionalistas, iranies y chavistas&#8221; a que se refer\u00eca en el Parlamento, llegar\u00ecan al Gobierno, mientras que su debacle ser\u00eca tal que pudiera no seguir existiendo, m\u00e0s que marginalmente).<\/strong><\/p>\n<p><strong>Este es el an\u00e0lisis de un modesto blog, pero ah\u00ec queda dicho.<\/strong><\/p>\n<!-- AddThis Advanced Settings generic via filter on the_content --><!-- AddThis Share Buttons generic via filter on the_content -->","protected":false},"excerpt":{"rendered":"<p>Hoy se di\u00f2 la primera encuesta que cubren tanto las protestas de Catalu\u00f1a como la exhumaci\u00f2n de Franco. La di\u00f2 la Sexta realizada por Invirmak. Sus resultados se orientan m\u00e0s a la generalidad de todas las demas encuestas que a las del CIS.Creo, que coincidiendo con la de todos los partidos, que hicieron que surgiera [&hellip;]<!-- AddThis Advanced Settings generic via filter on get_the_excerpt --><!-- AddThis Share Buttons generic via filter on get_the_excerpt --><\/p>\n","protected":false},"author":16,"featured_media":0,"comment_status":"open","ping_status":"closed","sticky":false,"template":"","format":"standard","meta":[],"categories":[1],"tags":[],"_links":{"self":[{"href":"https:\/\/blogs.elcomercio.es\/reflexiones-de-belarmino\/wp-json\/wp\/v2\/posts\/11553"}],"collection":[{"href":"https:\/\/blogs.elcomercio.es\/reflexiones-de-belarmino\/wp-json\/wp\/v2\/posts"}],"about":[{"href":"https:\/\/blogs.elcomercio.es\/reflexiones-de-belarmino\/wp-json\/wp\/v2\/types\/post"}],"author":[{"embeddable":true,"href":"https:\/\/blogs.elcomercio.es\/reflexiones-de-belarmino\/wp-json\/wp\/v2\/users\/16"}],"replies":[{"embeddable":true,"href":"https:\/\/blogs.elcomercio.es\/reflexiones-de-belarmino\/wp-json\/wp\/v2\/comments?post=11553"}],"version-history":[{"count":3,"href":"https:\/\/blogs.elcomercio.es\/reflexiones-de-belarmino\/wp-json\/wp\/v2\/posts\/11553\/revisions"}],"predecessor-version":[{"id":11556,"href":"https:\/\/blogs.elcomercio.es\/reflexiones-de-belarmino\/wp-json\/wp\/v2\/posts\/11553\/revisions\/11556"}],"wp:attachment":[{"href":"https:\/\/blogs.elcomercio.es\/reflexiones-de-belarmino\/wp-json\/wp\/v2\/media?parent=11553"}],"wp:term":[{"taxonomy":"category","embeddable":true,"href":"https:\/\/blogs.elcomercio.es\/reflexiones-de-belarmino\/wp-json\/wp\/v2\/categories?post=11553"},{"taxonomy":"post_tag","embeddable":true,"href":"https:\/\/blogs.elcomercio.es\/reflexiones-de-belarmino\/wp-json\/wp\/v2\/tags?post=11553"}],"curies":[{"name":"wp","href":"https:\/\/api.w.org\/{rel}","templated":true}]}}