{"id":11557,"date":"2019-11-02T10:33:56","date_gmt":"2019-11-02T09:33:56","guid":{"rendered":"https:\/\/blogs.elcomercio.es\/reflexiones-de-belarmino\/?p=11557"},"modified":"2019-11-02T10:33:56","modified_gmt":"2019-11-02T09:33:56","slug":"greta-thunberg-pide-ayuda-para-cruzar-al-atlantico-y-estar-en-madrid","status":"publish","type":"post","link":"https:\/\/blogs.elcomercio.es\/reflexiones-de-belarmino\/2019\/11\/02\/greta-thunberg-pide-ayuda-para-cruzar-al-atlantico-y-estar-en-madrid\/","title":{"rendered":"\u00a1\u00a1 GRETA THUNBERG PIDE AYUDA PARA CRUZAR AL ATLANTICO Y ESTAR EN MADRID !!"},"content":{"rendered":"<p><b>Consecuente, Greta, que hab\u00eda\u00a0cruzado el Atl\u00e0ntico en un velero que no contaminaba nada, que lleg\u00f2 a Nueva York, que habl\u00f2 en sesi\u00f2n especial en la Asamblea de Naciones Unidas, y luego se fue por ferrocarril a Canad\u00e1, a Estados Unidos rumbo a Santiago de Chile a la Cumbre del Cambio Clim\u00e0tico, ayer el cambio de Santiago de Chile a Madrid, la encontr\u00f3\u00a0en el otro continente., y con un problema.<\/b><\/p>\n<p><b>Y ni tarde ni perezosa, pidi\u00f3\u00a0a trav\u00e9s\u00a0de las redes sociales, ayuda a la comunidad internacional para poder cruzar de nuevo el Atl\u00e1ntico\u00a0sin contaminar.<\/b><\/p>\n<p><b>Con sus 16 a\u00f1os, y consecuente(la semana pasada rechazo\u00a0un premio que llevaba 200,000 dolares en el)<\/b><\/p>\n<p><b>As\u00ec, con ejemplo, se dan las luchas.<\/b><\/p>\n<p><b>Lo \u00fanico\u00a0que tiene su persona y su car\u00e1cter. Con ellos, est\u00e0 movilizando a las juventudes de todo el mundo para luchar por lo mas importante que tenemos:Nuestro Planeta.\u00a0<\/b><\/p>\n<p><b>\u00bf Alguien duda que, en alguna parte del mundo, surgir\u00e1\u00a0un barco contaminante\u00a0 CERO , para que est\u00e8 en Madrid el 2 de diciembre ?<\/b><\/p>\n<p>&nbsp;<\/p>\n<!-- AddThis Advanced Settings generic via filter on the_content --><!-- AddThis Share Buttons generic via filter on the_content -->","protected":false},"excerpt":{"rendered":"<p>Consecuente, Greta, que hab\u00eda\u00a0cruzado el Atl\u00e0ntico en un velero que no contaminaba nada, que lleg\u00f2 a Nueva York, que habl\u00f2 en sesi\u00f2n especial en la Asamblea de Naciones Unidas, y luego se fue por ferrocarril a Canad\u00e1, a Estados Unidos rumbo a Santiago de Chile a la Cumbre del Cambio Clim\u00e0tico, ayer el cambio de [&hellip;]<!-- AddThis Advanced Settings generic via filter on get_the_excerpt --><!-- AddThis Share Buttons generic via filter on get_the_excerpt --><\/p>\n","protected":false},"author":16,"featured_media":0,"comment_status":"open","ping_status":"closed","sticky":false,"template":"","format":"standard","meta":[],"categories":[1],"tags":[],"_links":{"self":[{"href":"https:\/\/blogs.elcomercio.es\/reflexiones-de-belarmino\/wp-json\/wp\/v2\/posts\/11557"}],"collection":[{"href":"https:\/\/blogs.elcomercio.es\/reflexiones-de-belarmino\/wp-json\/wp\/v2\/posts"}],"about":[{"href":"https:\/\/blogs.elcomercio.es\/reflexiones-de-belarmino\/wp-json\/wp\/v2\/types\/post"}],"author":[{"embeddable":true,"href":"https:\/\/blogs.elcomercio.es\/reflexiones-de-belarmino\/wp-json\/wp\/v2\/users\/16"}],"replies":[{"embeddable":true,"href":"https:\/\/blogs.elcomercio.es\/reflexiones-de-belarmino\/wp-json\/wp\/v2\/comments?post=11557"}],"version-history":[{"count":2,"href":"https:\/\/blogs.elcomercio.es\/reflexiones-de-belarmino\/wp-json\/wp\/v2\/posts\/11557\/revisions"}],"predecessor-version":[{"id":11559,"href":"https:\/\/blogs.elcomercio.es\/reflexiones-de-belarmino\/wp-json\/wp\/v2\/posts\/11557\/revisions\/11559"}],"wp:attachment":[{"href":"https:\/\/blogs.elcomercio.es\/reflexiones-de-belarmino\/wp-json\/wp\/v2\/media?parent=11557"}],"wp:term":[{"taxonomy":"category","embeddable":true,"href":"https:\/\/blogs.elcomercio.es\/reflexiones-de-belarmino\/wp-json\/wp\/v2\/categories?post=11557"},{"taxonomy":"post_tag","embeddable":true,"href":"https:\/\/blogs.elcomercio.es\/reflexiones-de-belarmino\/wp-json\/wp\/v2\/tags?post=11557"}],"curies":[{"name":"wp","href":"https:\/\/api.w.org\/{rel}","templated":true}]}}