{"id":11560,"date":"2019-11-02T11:38:42","date_gmt":"2019-11-02T10:38:42","guid":{"rendered":"https:\/\/blogs.elcomercio.es\/reflexiones-de-belarmino\/?p=11560"},"modified":"2019-11-02T11:38:42","modified_gmt":"2019-11-02T10:38:42","slug":"entre-las-azules-aguas-de-tulum-y-bacalarjacinto-canekla-guerra-de-castas-y-la-independencia-de-mexico","status":"publish","type":"post","link":"https:\/\/blogs.elcomercio.es\/reflexiones-de-belarmino\/2019\/11\/02\/entre-las-azules-aguas-de-tulum-y-bacalarjacinto-canekla-guerra-de-castas-y-la-independencia-de-mexico\/","title":{"rendered":"\u00a1\u00a1 ENTRE LAS AZULES AGUAS DE TULUM Y BACALAR,JACINTO CANEK,LA GUERRA DE CASTAS Y LA INDEPENDENCIA DE M\u00c8XICO !!"},"content":{"rendered":"<p><b>Cuando uno se adentra en la Riviera Maya, no sabe que entre Tulum y la laguna de Bacalar en el sur, la independencia de M\u00e8xico , no se puedo realizar por la\u00a0rebeli\u00f3n\u00a0de decenas de miles de mayas contra los criollos que se hab\u00edan\u00a0independizado en Espa\u00f1a en 1810.<\/b><\/p>\n<p><b>En 1761, un rebelde maya llamado Jacinto Canek, se levanto\u00a0en armas y el gobierno colonial, lo descuartizo ante toda la poblaci\u00f2n, con cuatro caballos atados a los dos\u00a0 brazo y los dos p\u00eces.<\/b><\/p>\n<p><b>Pero, en 1847,mientras los Estados Unidos invad\u00edan\u00a0a M\u00e8xico y se quedaban con la mitad del territorio, 2 millones de kms. cuadrados, los mayas se rebelaron con los criollos que hab\u00edan\u00a0hecho la independencia en una guerra que dur\u00f2 de 1847 a 1901.Se llam\u00f2 la GUERRA DE CASTAS.<\/b><\/p>\n<p><strong>Decenas de miles de mayas se rebelaron, siguiendo el ejemplo de Jacinto Canek\u00a0 durante 54 a\u00f1os, lo que hizo que Yucat\u00e0n no se incorpora a M\u00e8xico hasta 1901.<\/strong><\/p>\n<p><strong>Los mayas no s\u00f2lo\u00a0 hab\u00ecan sido una extraordinaria cultura que ya hab\u00eca construido Uxmal, cuando Europa no se formaba, sino que fueron los \u00f9ltimos rebeldes que defendieron su cultura.<\/strong><\/p>\n<p><b>Chan Santa Cruz, fue la capital de aquella rebeli\u00f3n. Hoy se llama Puerto Morelos..<\/b><\/p>\n<p><strong>Una vez derrotados, cayeron\u00a0 sobre ellos los hacendados henequeneros, tan poderosos que los mantuvieron esclavizados, mientras ellos los hac\u00ecan plantar el Henequen, de cuya planta se hac\u00ecan hilos y cuerdas para que en Europa pudiesen atar sus productos.<\/strong><\/p>\n<p><b>Se llamaba la Casta Divina a aquellos hacendados henequeneros, que mandaban su trajes de lino blanco, a la tintorer\u00eda\u00a0en Cuba, y que exportaban todo su productos a trav\u00e8s de un puerto llamado Sisal(de ah\u00ec el nombre en Europa de llamar Sisal al henequen), y los dolares nunca pasaban por M\u00e8xico.Es\u00ec se formo\u00a0la Casta Divina.<\/b><\/p>\n<p><strong>Salvador Alvarado el general de la Revoluci\u00f2on Mexicana, acab\u00f2 con el ciclo, el dinero entr\u00f2 a M\u00e8xico y aquellos miembros de la Casta Divina,<\/strong><b>\u00a0tan poderosos que crearon una avenida llamada Paseo de Montejo, para aislarse del centro\u00a0de la ciudad y construyeron\u00a0all\u00ed\u00a0replicas de las casas victorianas, de don pisos, uno para ellos y abajo\u00a0para la servidumbre.<\/b><\/p>\n<p><b>Viv\u00ecan del trabajo de los mayas, hasta que, &#8230;..as\u00ec es la vida, el Imperio Otomano hech\u00f2 a los sirio libaneses, que fueron a buscar lugares calidos y cristianos(no eran musulmanes) y cayeron en Yucat\u00e0n.<\/b><\/p>\n<p><b>Marginados por la Casta Divina, aquellos sirio libaneses, empezaron sus capitales, metiendo arena en botellitas\u00a0y luego ir a venderselos a los indigenas del interior que no conoc\u00ecan en mar, ni la arena..Marginados en un barrio.<\/b><\/p>\n<p><b>La Aristocracia, los descendientes de aquellos hacendados viv\u00edan\u00a0en el lujo pleno de esa Avenida de Paseo Montejo,, ya en decadencia con el solo\u00a0nombre\u00a0de su familia, hasta que finalmente la burgues\u00eda\u00a0sirio libanesa, se los comi\u00f3\u00a0al casarse una mujer de la Casta con un sirio liban\u00e8s..<\/b><\/p>\n<p><b>A partir de aquel momento, las grandes familias libanesas, tiene como\u00a0empleados a los descendientes\u00a0de la famosa Casta Divina, quienes tienen como empleados en los niveles\u00a0mas\u00a0bajos a los descendiente de Jacinto Canek.<\/b><\/p>\n<p>&nbsp;<\/p>\n<p>&nbsp;<\/p>\n<!-- AddThis Advanced Settings generic via filter on the_content --><!-- AddThis Share Buttons generic via filter on the_content -->","protected":false},"excerpt":{"rendered":"<p>Cuando uno se adentra en la Riviera Maya, no sabe que entre Tulum y la laguna de Bacalar en el sur, la independencia de M\u00e8xico , no se puedo realizar por la\u00a0rebeli\u00f3n\u00a0de decenas de miles de mayas contra los criollos que se hab\u00edan\u00a0independizado en Espa\u00f1a en 1810. En 1761, un rebelde maya llamado Jacinto Canek, [&hellip;]<!-- AddThis Advanced Settings generic via filter on get_the_excerpt --><!-- AddThis Share Buttons generic via filter on get_the_excerpt --><\/p>\n","protected":false},"author":16,"featured_media":0,"comment_status":"open","ping_status":"closed","sticky":false,"template":"","format":"standard","meta":[],"categories":[1],"tags":[],"_links":{"self":[{"href":"https:\/\/blogs.elcomercio.es\/reflexiones-de-belarmino\/wp-json\/wp\/v2\/posts\/11560"}],"collection":[{"href":"https:\/\/blogs.elcomercio.es\/reflexiones-de-belarmino\/wp-json\/wp\/v2\/posts"}],"about":[{"href":"https:\/\/blogs.elcomercio.es\/reflexiones-de-belarmino\/wp-json\/wp\/v2\/types\/post"}],"author":[{"embeddable":true,"href":"https:\/\/blogs.elcomercio.es\/reflexiones-de-belarmino\/wp-json\/wp\/v2\/users\/16"}],"replies":[{"embeddable":true,"href":"https:\/\/blogs.elcomercio.es\/reflexiones-de-belarmino\/wp-json\/wp\/v2\/comments?post=11560"}],"version-history":[{"count":2,"href":"https:\/\/blogs.elcomercio.es\/reflexiones-de-belarmino\/wp-json\/wp\/v2\/posts\/11560\/revisions"}],"predecessor-version":[{"id":11562,"href":"https:\/\/blogs.elcomercio.es\/reflexiones-de-belarmino\/wp-json\/wp\/v2\/posts\/11560\/revisions\/11562"}],"wp:attachment":[{"href":"https:\/\/blogs.elcomercio.es\/reflexiones-de-belarmino\/wp-json\/wp\/v2\/media?parent=11560"}],"wp:term":[{"taxonomy":"category","embeddable":true,"href":"https:\/\/blogs.elcomercio.es\/reflexiones-de-belarmino\/wp-json\/wp\/v2\/categories?post=11560"},{"taxonomy":"post_tag","embeddable":true,"href":"https:\/\/blogs.elcomercio.es\/reflexiones-de-belarmino\/wp-json\/wp\/v2\/tags?post=11560"}],"curies":[{"name":"wp","href":"https:\/\/api.w.org\/{rel}","templated":true}]}}