{"id":11563,"date":"2019-11-03T10:43:43","date_gmt":"2019-11-03T09:43:43","guid":{"rendered":"https:\/\/blogs.elcomercio.es\/reflexiones-de-belarmino\/?p=11563"},"modified":"2019-11-03T10:43:43","modified_gmt":"2019-11-03T09:43:43","slug":"la-ultima-encuesta-de-el-pais-hoy-domingo-3-noviembre","status":"publish","type":"post","link":"https:\/\/blogs.elcomercio.es\/reflexiones-de-belarmino\/2019\/11\/03\/la-ultima-encuesta-de-el-pais-hoy-domingo-3-noviembre\/","title":{"rendered":"\u00a1\u00a1 LA ULTIMA ENCUESTA DE&#8221; EL PA\u00cdS &#8221; HOY DOMINGO 3 NOVIEMBRE !!"},"content":{"rendered":"<p><b>La encuesta de El Pais, realizada tras las condenas del Proc\u00e8s y la Exhumaci\u00f2n de Franco, nos dan los siguientes datos, que permito poner a su disposici\u00f3n.-<\/b><\/p>\n<p>&nbsp;<\/p>\n<p><strong>PARTIDO SOCIALISTA OBRERO ESPA\u00d1OL&#8230;&#8230;&#8230;&#8230;&#8230;&#8230;.. 121 esca\u00f1os.<\/strong><\/p>\n<p><strong>PARTIDO POPULAR&#8230;&#8230;&#8230;&#8230;&#8230;&#8230;&#8230;&#8230;&#8230;&#8230;&#8230;&#8230;&#8230;&#8230;&#8230;&#8230;&#8230;&#8230;.\u00a0 \u00a091 .\u00a0 \u00a0 &#8220;<\/strong><\/p>\n<p><strong>VOX&#8230;&#8230;&#8230;&#8230;&#8230;&#8230;&#8230;&#8230;&#8230;&#8230;&#8230;&#8230;&#8230;&#8230;&#8230;&#8230;&#8230;&#8230;&#8230;&#8230;&#8230;&#8230;&#8230;&#8230;&#8230;&#8230;&#8230;. 46\u00a0 \u00a0 \u00a0 &#8220;.<\/strong><\/p>\n<p><strong>UNIDAS PODEMOS&#8230;&#8230;&#8230;&#8230;&#8230;&#8230;&#8230;&#8230;&#8230;&#8230;&#8230;&#8230;&#8230;&#8230;&#8230;&#8230;&#8230;&#8230;&#8230;.\u00a0 31\u00a0 \u00a0 \u00a0 \u00a0&#8220;.<\/strong><\/p>\n<p><strong>CIUDADANOS&#8230;&#8230;&#8230;&#8230;&#8230;&#8230;&#8230;&#8230;&#8230;&#8230;&#8230;&#8230;&#8230;&#8230;&#8230;&#8230;&#8230;&#8230;&#8230;&#8230;&#8230;&#8230;. 14\u00a0 \u00a0 \u00a0 \u00a0&#8220;<\/strong><\/p>\n<p><strong>MAS PAIS&#8230;&#8230;&#8230;&#8230;&#8230;&#8230;&#8230;&#8230;&#8230;&#8230;&#8230;&#8230;&#8230;&#8230;&#8230;&#8230;&#8230;&#8230;&#8230;&#8230;&#8230;&#8230;&#8230;&#8230;.\u00a0 \u00a0 5\u00a0 \u00a0 \u00a0 \u00a0 &#8220;.<\/strong><\/p>\n<p>&nbsp;<\/p>\n<p>&nbsp;<\/p>\n<p><strong>OTROS&#8230;&#8230;&#8230;&#8230;&#8230;&#8230;&#8230;&#8230;&#8230;&#8230;&#8230;&#8230;&#8230;&#8230;&#8230;&#8230;&#8230;&#8230;&#8230;&#8230;&#8230;&#8230;&#8230;&#8230;&#8230;&#8230;..40\u00a0 \u00a0 \u00a0 &#8220;.<\/strong><\/p>\n<p>&nbsp;<\/p>\n<p><b>abstenci\u00f3n. 39. 8 %<\/b><\/p>\n<p>&nbsp;<\/p>\n<p><strong>BLOQUE IZQUIERDA\u00a0 \u00a0 157\u00a0 \u00a0 \u00a0 \u00a0 \u00a0 \u00a0BLOQUE DERECHA\u00a0 \u00a0 151.<\/strong><\/p>\n<p><strong>(DECIDEN LOS NACIONALISTAS).<\/strong><\/p>\n<p><b>ESCENARIO SEG\u00daN\u00a0LA ENCUESTA<\/b><\/p>\n<p><strong>1) Sigue el Bloque.<\/strong><\/p>\n<p><b> 2) Gobierno mayoritario d\u00e9bil, que durar\u00eda\u00a0poco.<\/b><\/p>\n<p><strong>3) Nuevas elecciones.<\/strong><\/p>\n<p>&nbsp;<\/p>\n<p>&nbsp;<\/p>\n<!-- AddThis Advanced Settings generic via filter on the_content --><!-- AddThis Share Buttons generic via filter on the_content -->","protected":false},"excerpt":{"rendered":"<p>La encuesta de El Pais, realizada tras las condenas del Proc\u00e8s y la Exhumaci\u00f2n de Franco, nos dan los siguientes datos, que permito poner a su disposici\u00f3n.- &nbsp; PARTIDO SOCIALISTA OBRERO ESPA\u00d1OL&#8230;&#8230;&#8230;&#8230;&#8230;&#8230;.. 121 esca\u00f1os. PARTIDO POPULAR&#8230;&#8230;&#8230;&#8230;&#8230;&#8230;&#8230;&#8230;&#8230;&#8230;&#8230;&#8230;&#8230;&#8230;&#8230;&#8230;&#8230;&#8230;.\u00a0 \u00a091 .\u00a0 \u00a0 &#8220; VOX&#8230;&#8230;&#8230;&#8230;&#8230;&#8230;&#8230;&#8230;&#8230;&#8230;&#8230;&#8230;&#8230;&#8230;&#8230;&#8230;&#8230;&#8230;&#8230;&#8230;&#8230;&#8230;&#8230;&#8230;&#8230;&#8230;&#8230;. 46\u00a0 \u00a0 \u00a0 &#8220;. UNIDAS PODEMOS&#8230;&#8230;&#8230;&#8230;&#8230;&#8230;&#8230;&#8230;&#8230;&#8230;&#8230;&#8230;&#8230;&#8230;&#8230;&#8230;&#8230;&#8230;&#8230;.\u00a0 31\u00a0 \u00a0 \u00a0 \u00a0&#8220;. CIUDADANOS&#8230;&#8230;&#8230;&#8230;&#8230;&#8230;&#8230;&#8230;&#8230;&#8230;&#8230;&#8230;&#8230;&#8230;&#8230;&#8230;&#8230;&#8230;&#8230;&#8230;&#8230;&#8230;. 14\u00a0 \u00a0 \u00a0 [&hellip;]<!-- AddThis Advanced Settings generic via filter on get_the_excerpt --><!-- AddThis Share Buttons generic via filter on get_the_excerpt --><\/p>\n","protected":false},"author":16,"featured_media":0,"comment_status":"open","ping_status":"closed","sticky":false,"template":"","format":"standard","meta":[],"categories":[1],"tags":[],"_links":{"self":[{"href":"https:\/\/blogs.elcomercio.es\/reflexiones-de-belarmino\/wp-json\/wp\/v2\/posts\/11563"}],"collection":[{"href":"https:\/\/blogs.elcomercio.es\/reflexiones-de-belarmino\/wp-json\/wp\/v2\/posts"}],"about":[{"href":"https:\/\/blogs.elcomercio.es\/reflexiones-de-belarmino\/wp-json\/wp\/v2\/types\/post"}],"author":[{"embeddable":true,"href":"https:\/\/blogs.elcomercio.es\/reflexiones-de-belarmino\/wp-json\/wp\/v2\/users\/16"}],"replies":[{"embeddable":true,"href":"https:\/\/blogs.elcomercio.es\/reflexiones-de-belarmino\/wp-json\/wp\/v2\/comments?post=11563"}],"version-history":[{"count":2,"href":"https:\/\/blogs.elcomercio.es\/reflexiones-de-belarmino\/wp-json\/wp\/v2\/posts\/11563\/revisions"}],"predecessor-version":[{"id":11565,"href":"https:\/\/blogs.elcomercio.es\/reflexiones-de-belarmino\/wp-json\/wp\/v2\/posts\/11563\/revisions\/11565"}],"wp:attachment":[{"href":"https:\/\/blogs.elcomercio.es\/reflexiones-de-belarmino\/wp-json\/wp\/v2\/media?parent=11563"}],"wp:term":[{"taxonomy":"category","embeddable":true,"href":"https:\/\/blogs.elcomercio.es\/reflexiones-de-belarmino\/wp-json\/wp\/v2\/categories?post=11563"},{"taxonomy":"post_tag","embeddable":true,"href":"https:\/\/blogs.elcomercio.es\/reflexiones-de-belarmino\/wp-json\/wp\/v2\/tags?post=11563"}],"curies":[{"name":"wp","href":"https:\/\/api.w.org\/{rel}","templated":true}]}}