{"id":11573,"date":"2019-11-03T15:04:21","date_gmt":"2019-11-03T14:04:21","guid":{"rendered":"https:\/\/blogs.elcomercio.es\/reflexiones-de-belarmino\/?p=11573"},"modified":"2019-11-03T15:04:21","modified_gmt":"2019-11-03T14:04:21","slug":"desdrenen-alemania-en-emergencia-nazi-cuidado-con-vox","status":"publish","type":"post","link":"https:\/\/blogs.elcomercio.es\/reflexiones-de-belarmino\/2019\/11\/03\/desdrenen-alemania-en-emergencia-nazi-cuidado-con-vox\/","title":{"rendered":"\u00a1\u00a1DESDREN,EN ALEMANIA, EN EMERGENCIA NAZI.- CUIDADO CON VOX !!"},"content":{"rendered":"<p><strong>El gobierno de Dresden, en Alemania, acaba de declarar EMERGENCIA NAZI, preocupados por al avance del nacismo en su ciudad.Esta amenaza es s\u00f2lo la punto del Iceberg de lo que est\u00e0 sucediendo a lo largo de toda Europa, sin que aparentemente, nadie mida el riesgo.<\/strong><\/p>\n<p><strong>Olvidamos que en Espa\u00f1a, de un minusculo grupo, que en 6 a\u00f1os no hab\u00eca obtenido m\u00e0s que recursos para sus dirigentes y logrado un concejal, en cuanto, tras elevar a Trump, y a Bolsonaro, Steve Bannon, escogi\u00f2 con la ayuda de Aznar al grup\u00f9sculo que ser\u00eca el avance para penetrar en Espa\u00f1a.Ya estaban en varios paises y Bannon estableci\u00f2 el Movimiento, con sede en Bruselas y en un monasterio en Alemania.Bien financiados, detr\u00e0s de la amenaza de hoy en Dresden, de otros grupos en Hungria, Polonia, Francia, Italia y Holanda,se inyect\u00f2 recursos, ayuda internacional y apoyo en el manejo de las redes sociales que hab\u00ecan llevado a Trump a la presidencia, y de aquel grupusculo sin\u00a0 futuro, lograron, con maniobras que han salido a la luz, entrar al gobierno en Andalucia y luego a nivel nacional.<\/strong><\/p>\n<p><strong>El, o los hombres, que manejan 700 espacios en las redes sociales, fueron reconocidos por el Presidente de Andalucia, como los que tanto le ayudaron a ganar en Andalucia.<\/strong><\/p>\n<p><strong>Pero, hoy no est\u00e0 en juego Andalucia, esta en juego Espa\u00f1a.Toda la campa\u00f1a sucia que han denunciado estos \u00f9ltimos d\u00ecas los medios independientes, tienen detr\u00e0s a las mismas personas, que son parte de la campa\u00f1a sucia, que le permiti\u00f2 llegar a Trump a la presidencia.<\/strong><\/p>\n<p><strong>No es un hecho menor. Alguien est\u00e0 metiendose en la pol\u00ectica espa\u00f1ola, para aumentar la abstenci\u00f2n, dividir a la izquierda, y una vez que el ciclo de Ciudadanos lo terminan, dejan a la derecha con dos estrategias diferentes para la conquista del gobierno.<\/strong><\/p>\n<p><strong>Casualmente, es la misma estrategia de la derecha del independentismo catal\u00e0n: un frente pacifico, masivo y otro creado en Suiza con el apoyo de Puigdemont, con Ana Gabriel y la CUP, extremos violento, pero que, casualmente,los antistemas, ahora van por la busqueda de las instituciones.<\/strong><\/p>\n<p><strong>\u00bf Que hace la inteligencia del Gobierno ?.<\/strong><\/p>\n<p><strong>U ,otra vez, las Ca\u00f1erias del Estado, con el apoyo de las Ca\u00f1er\u00ecas de la Informaci\u00f2n, estan abiertamente en el futuro de Espa\u00f1a.<\/strong><\/p>\n<!-- AddThis Advanced Settings generic via filter on the_content --><!-- AddThis Share Buttons generic via filter on the_content -->","protected":false},"excerpt":{"rendered":"<p>El gobierno de Dresden, en Alemania, acaba de declarar EMERGENCIA NAZI, preocupados por al avance del nacismo en su ciudad.Esta amenaza es s\u00f2lo la punto del Iceberg de lo que est\u00e0 sucediendo a lo largo de toda Europa, sin que aparentemente, nadie mida el riesgo. Olvidamos que en Espa\u00f1a, de un minusculo grupo, que en [&hellip;]<!-- AddThis Advanced Settings generic via filter on get_the_excerpt --><!-- AddThis Share Buttons generic via filter on get_the_excerpt --><\/p>\n","protected":false},"author":16,"featured_media":0,"comment_status":"open","ping_status":"closed","sticky":false,"template":"","format":"standard","meta":[],"categories":[1],"tags":[],"_links":{"self":[{"href":"https:\/\/blogs.elcomercio.es\/reflexiones-de-belarmino\/wp-json\/wp\/v2\/posts\/11573"}],"collection":[{"href":"https:\/\/blogs.elcomercio.es\/reflexiones-de-belarmino\/wp-json\/wp\/v2\/posts"}],"about":[{"href":"https:\/\/blogs.elcomercio.es\/reflexiones-de-belarmino\/wp-json\/wp\/v2\/types\/post"}],"author":[{"embeddable":true,"href":"https:\/\/blogs.elcomercio.es\/reflexiones-de-belarmino\/wp-json\/wp\/v2\/users\/16"}],"replies":[{"embeddable":true,"href":"https:\/\/blogs.elcomercio.es\/reflexiones-de-belarmino\/wp-json\/wp\/v2\/comments?post=11573"}],"version-history":[{"count":3,"href":"https:\/\/blogs.elcomercio.es\/reflexiones-de-belarmino\/wp-json\/wp\/v2\/posts\/11573\/revisions"}],"predecessor-version":[{"id":11576,"href":"https:\/\/blogs.elcomercio.es\/reflexiones-de-belarmino\/wp-json\/wp\/v2\/posts\/11573\/revisions\/11576"}],"wp:attachment":[{"href":"https:\/\/blogs.elcomercio.es\/reflexiones-de-belarmino\/wp-json\/wp\/v2\/media?parent=11573"}],"wp:term":[{"taxonomy":"category","embeddable":true,"href":"https:\/\/blogs.elcomercio.es\/reflexiones-de-belarmino\/wp-json\/wp\/v2\/categories?post=11573"},{"taxonomy":"post_tag","embeddable":true,"href":"https:\/\/blogs.elcomercio.es\/reflexiones-de-belarmino\/wp-json\/wp\/v2\/tags?post=11573"}],"curies":[{"name":"wp","href":"https:\/\/api.w.org\/{rel}","templated":true}]}}