{"id":11577,"date":"2019-11-03T16:10:20","date_gmt":"2019-11-03T15:10:20","guid":{"rendered":"https:\/\/blogs.elcomercio.es\/reflexiones-de-belarmino\/?p=11577"},"modified":"2019-11-03T16:10:20","modified_gmt":"2019-11-03T15:10:20","slug":"culiacan-proyecto-organizado-por-politicos-militares-y-narcos-surgio-en-la-moraleja-en-madrid","status":"publish","type":"post","link":"https:\/\/blogs.elcomercio.es\/reflexiones-de-belarmino\/2019\/11\/03\/culiacan-proyecto-organizado-por-politicos-militares-y-narcos-surgio-en-la-moraleja-en-madrid\/","title":{"rendered":"\u00a1\u00a1CULIAC\u00c0N, PROYECTO ORGANIZADO, POR POLITICOS, MILITARES Y NARCOS, SURGIO EN LA MORALEJA EN MADRID ?"},"content":{"rendered":"<p><strong>Y L\u00f2pez Obrador,lo cumpli\u00f2.Di\u00f2 a conocer minuto a minuto, como se desarroll\u00f2 la acci\u00f2n fallida para aprhensar al hijo del Chapo en Culiac\u00e0n.Los minutos, los preparativos, los participantes, salieron a la luz p\u00f9blica,como nunca,ante el assombro de los medios de comunicaci\u00f2n y de toda la sociedad.<\/strong><\/p>\n<p><strong>Pero, \u00bfpor qu\u00e8 ayer Andres Manuel L\u00f2pez Obrador, dijo: &#8220;NO ME DARAN UN GOLPE DE ESTADO POR\u00a0 QUE EL PUEBLO ESSTA CONMIGO&#8221; y hoy el Gobernador de Veracruz, ha dicho que los gobernadores no lo permitir\u00ecan?.<\/strong><\/p>\n<p><strong>Voy a tratar de explicar mi hpot\u00e8sis, desde el principio.<\/strong><\/p>\n<p><strong>De todos los ex presidentes a quienes el pueblo mexicano a trav\u00e8s de su lider, han salido perjudicados por que la transparencia est\u00e0n sacando a la luz todas las traiciones, corrupciones de sus mandatos, dos est\u00e0n haciendo el rid\u00ecculo en M\u00e8xico que son Vicente Fox y Felipe Calderon,gritando y gritando, sin base social.<\/strong><\/p>\n<p><strong>Pero hay dos ,los m\u00e0s peligrosos, que est\u00e0n fuera del pa\u00ecs: Carlos Salinas de Gortari el m\u00e0s delicado de todos, radicado en Italia y el ex presidente Enrique Pe\u00f1a Nieto, radicado en Madrid.Pero en la Moraleja donde tiene una casa, donde la tienen todos los astros del futbol, est\u00e0 tambi\u00e8n el General Salvador Cienfuegos, el todopoderoso militar que siendo Secretario de la Defensa, \u00e8l y toda su c\u00f9pula, fue eliminada por este gobierno y colocados a otros generales,sin sombra de corrupci\u00f2n.<br \/>\n<\/strong><\/p>\n<p><strong>Ha quedado claro que los hechos ocurridos en Culiac\u00e0n Sinaloa, para detener y extraditar a los Estados Unidos a un de los hijos del Chapo, Ovidio Salazar,fueron perfectamente otganizados.<\/strong><\/p>\n<p><strong>L\u00f2pez Obrador acabo con el Estado Mayor Presidencial,grupo militar de \u00e8lite que con 10,000 hombres ha sido durante 60 a\u00f1os quien ha custodiado al Presidente, y el presidente actual lo disolvi\u00f2 y creo una seguridad civil a su alrededor.<\/strong><\/p>\n<p><strong>En Madrid, comiendo buena comida espa\u00f1ola, y bebida como los Vega Sicilia, Pe\u00f1a Nieto y Cienfuegos, planearon la respuesta, sobre todo despu\u00e8s de que el cerco ante Pe\u00f1a Nieto se cierra, peligrosamente en el pa\u00ecs.<\/strong><\/p>\n<p><strong>Un miembro del Estado Mayor Presidencial, en otra \u00e0rea, fue el encargado de preparar el operativo, cuando el Presidente estaba en la Sierra Madre Occidental, y con un novato, Secretario de Seguridad P\u00f9blica.<\/strong><\/p>\n<p><strong>El operativo se hizo, sin la suficiente fuerza, si log\u00ecstica aerea,mandando a 10 hombres de la Guardia Nacional. A la hora que se iba a realizar la operaci\u00f2n, los otros dos hijos del Chapo, al frente hoy, Archibalddo y Alfredo, estaban informados desde antes.Al detener a Ovidio, result\u00f2 que no habia un rquerimiento de un juez y en esos 10 minutos, el Cartel de Sinaloa, se lanz\u00f2 contra el operativo, se fue contra los 2 cuarteles militares y se aprestaban a disparar a los familiares de todos los militares, cuando Ovidio dijo: &#8221; Ya perenle, ya me entregu\u00e8, paren el desmadre&#8221;.<\/strong><\/p>\n<p><strong>Pero sus hermanos ten\u00ecan un operativo con 100 camionetas blindadas que cre\u00f2 el terror en la ciudad, liber\u00f2 a los presos de la carcel,las redes sociales lo transmit\u00ecan a nivel nacional.El secretario de Seguridad Publica- ex secretario particular de Fox, no supo que hacer, mientras lo negaba en un primer momento, ante la orden del Presidente, reconoci\u00f2 que si habia sucedido y que por ordenes de \u00e8ste se suspendia el operativo, se dejaba en libertad a Ovidio, a cambio de que el Cartel dejase en paz la ciudad.<br \/>\n<\/strong><\/p>\n<p><strong>Grave derrota, pero al d\u00eca siguiente miembros del ejercito dieron a conocer un video a nivel nacional: &#8221; Nosotros los militares cumplimos, detuvimos a Ovidio Salazar,pero fueron otros los que lo dejaron escapar&#8221;. <\/strong><\/p>\n<p><strong>Hubo 8 muertos y 19 heridos, de los primeros 5 sicarios.\u00bf De haber traido m\u00e0s tropas e gobierno,de cuantos muertos estariamos hablando?.<br \/>\n<\/strong><\/p>\n<p><strong>El Gobierno recibio un golpe mundial, pero con la transparencia total, prmiti\u00f2 ubicar todo el proceso.<br \/>\n<\/strong><\/p>\n<p><strong>He dicho, que esto era una respuesta organizada, que bien hubiera podido surgir desde Madrid, donde est\u00e0n el ex presidente cercado, el General resentido que tiene hilos, sobre todo en los que fueron el Estado Mayor Presidencial y los contactos con los hijos del Chapo.<br \/>\n<\/strong><\/p>\n<p><strong>La intenci\u00f2<\/strong><strong>n dividirle el ejercito a L\u00f2pez Obrador.<br \/>\n<\/strong><\/p>\n<p><strong>Al leer hoy las palabras del Presidente y la reacci\u00f2n\u00a0 del gobernadordel estrategico estado de Veracruz, el tercero del pa\u00ecs, me confirmaron nuestra tesis inicial.<br \/>\n<\/strong><\/p>\n<p><strong>Faltan 27\u00a0 s\u00ecas para que Andr\u00e8s Manuel Lopez Obrador, llegue a su primer a\u00f1o de gobierno.<\/strong><\/p>\n<p><strong>Nadie dijo que iba a ser facil , pero las fuerzas que hicieron polvo a M\u00e8xico, estan vivas, muy vivas, <\/strong><\/p>\n<p><strong>Pero hay 133 millones con esperanza. De intentar algo para quitarselas tendr\u00e0 un grave costo politico y social.<\/strong><\/p>\n<!-- AddThis Advanced Settings generic via filter on the_content --><!-- AddThis Share Buttons generic via filter on the_content -->","protected":false},"excerpt":{"rendered":"<p>Y L\u00f2pez Obrador,lo cumpli\u00f2.Di\u00f2 a conocer minuto a minuto, como se desarroll\u00f2 la acci\u00f2n fallida para aprhensar al hijo del Chapo en Culiac\u00e0n.Los minutos, los preparativos, los participantes, salieron a la luz p\u00f9blica,como nunca,ante el assombro de los medios de comunicaci\u00f2n y de toda la sociedad. Pero, \u00bfpor qu\u00e8 ayer Andres Manuel L\u00f2pez Obrador, dijo: [&hellip;]<!-- AddThis Advanced Settings generic via filter on get_the_excerpt --><!-- AddThis Share Buttons generic via filter on get_the_excerpt --><\/p>\n","protected":false},"author":16,"featured_media":0,"comment_status":"open","ping_status":"closed","sticky":false,"template":"","format":"standard","meta":[],"categories":[1],"tags":[],"_links":{"self":[{"href":"https:\/\/blogs.elcomercio.es\/reflexiones-de-belarmino\/wp-json\/wp\/v2\/posts\/11577"}],"collection":[{"href":"https:\/\/blogs.elcomercio.es\/reflexiones-de-belarmino\/wp-json\/wp\/v2\/posts"}],"about":[{"href":"https:\/\/blogs.elcomercio.es\/reflexiones-de-belarmino\/wp-json\/wp\/v2\/types\/post"}],"author":[{"embeddable":true,"href":"https:\/\/blogs.elcomercio.es\/reflexiones-de-belarmino\/wp-json\/wp\/v2\/users\/16"}],"replies":[{"embeddable":true,"href":"https:\/\/blogs.elcomercio.es\/reflexiones-de-belarmino\/wp-json\/wp\/v2\/comments?post=11577"}],"version-history":[{"count":3,"href":"https:\/\/blogs.elcomercio.es\/reflexiones-de-belarmino\/wp-json\/wp\/v2\/posts\/11577\/revisions"}],"predecessor-version":[{"id":11580,"href":"https:\/\/blogs.elcomercio.es\/reflexiones-de-belarmino\/wp-json\/wp\/v2\/posts\/11577\/revisions\/11580"}],"wp:attachment":[{"href":"https:\/\/blogs.elcomercio.es\/reflexiones-de-belarmino\/wp-json\/wp\/v2\/media?parent=11577"}],"wp:term":[{"taxonomy":"category","embeddable":true,"href":"https:\/\/blogs.elcomercio.es\/reflexiones-de-belarmino\/wp-json\/wp\/v2\/categories?post=11577"},{"taxonomy":"post_tag","embeddable":true,"href":"https:\/\/blogs.elcomercio.es\/reflexiones-de-belarmino\/wp-json\/wp\/v2\/tags?post=11577"}],"curies":[{"name":"wp","href":"https:\/\/api.w.org\/{rel}","templated":true}]}}