{"id":11581,"date":"2019-11-04T09:40:37","date_gmt":"2019-11-04T08:40:37","guid":{"rendered":"https:\/\/blogs.elcomercio.es\/reflexiones-de-belarmino\/?p=11581"},"modified":"2019-11-04T09:40:37","modified_gmt":"2019-11-04T08:40:37","slug":"el-debate-que-ante-500-corresponsales-de-50-paises-y-millones-de-espanoles-definiran-al-20-de-indecisos","status":"publish","type":"post","link":"https:\/\/blogs.elcomercio.es\/reflexiones-de-belarmino\/2019\/11\/04\/el-debate-que-ante-500-corresponsales-de-50-paises-y-millones-de-espanoles-definiran-al-20-de-indecisos\/","title":{"rendered":"\u00a1\u00a1 EL DEBATE QUE, ANTE 500 CORRESPONSALES DE 50 PAISES, Y MILLONES DE ESPA\u00d1OLES DEFINIR\u00c0N AL 20 % DE INDECISOS !!"},"content":{"rendered":"<p><strong>Faltan 6 d\u00ecas.Todas las encuestas de hoy, \u00f9ltimo d\u00eca, confirman un empate tecnico entre PSOE-UP y MP y PP-VOX y C^S, pero hay 30 esca\u00f1os por definir que son nacionalistas(ERC y PNV s\u00f2lo 20 de \u00e8stos ).<\/strong><\/p>\n<p><strong>Casi un 70 % de participaci\u00f2n estimada, desmienten la huida de las urnas, mientras que hay un 20 % de indecisos.<\/strong><\/p>\n<p><strong>Ese es el valor del debate de hoy entre los 5,\u00a0 que con 500 corresponsales de 50 paises, ser\u00e0n finalmente el fiel de la balanza.<\/strong><\/p>\n<p><strong>Ma\u00f1ana lo comentaremos.<\/strong><\/p>\n<p><strong>Mantengo Pedro S\u00e0nchez ser\u00e0 el pr\u00f2ximo Presidente del Gobierno de Espa\u00f1a para los 4 pr\u00f2ximos a\u00f1os.<\/strong><\/p>\n<!-- AddThis Advanced Settings generic via filter on the_content --><!-- AddThis Share Buttons generic via filter on the_content -->","protected":false},"excerpt":{"rendered":"<p>Faltan 6 d\u00ecas.Todas las encuestas de hoy, \u00f9ltimo d\u00eca, confirman un empate tecnico entre PSOE-UP y MP y PP-VOX y C^S, pero hay 30 esca\u00f1os por definir que son nacionalistas(ERC y PNV s\u00f2lo 20 de \u00e8stos ). Casi un 70 % de participaci\u00f2n estimada, desmienten la huida de las urnas, mientras que hay un 20 [&hellip;]<!-- AddThis Advanced Settings generic via filter on get_the_excerpt --><!-- AddThis Share Buttons generic via filter on get_the_excerpt --><\/p>\n","protected":false},"author":16,"featured_media":0,"comment_status":"open","ping_status":"closed","sticky":false,"template":"","format":"standard","meta":[],"categories":[1],"tags":[],"_links":{"self":[{"href":"https:\/\/blogs.elcomercio.es\/reflexiones-de-belarmino\/wp-json\/wp\/v2\/posts\/11581"}],"collection":[{"href":"https:\/\/blogs.elcomercio.es\/reflexiones-de-belarmino\/wp-json\/wp\/v2\/posts"}],"about":[{"href":"https:\/\/blogs.elcomercio.es\/reflexiones-de-belarmino\/wp-json\/wp\/v2\/types\/post"}],"author":[{"embeddable":true,"href":"https:\/\/blogs.elcomercio.es\/reflexiones-de-belarmino\/wp-json\/wp\/v2\/users\/16"}],"replies":[{"embeddable":true,"href":"https:\/\/blogs.elcomercio.es\/reflexiones-de-belarmino\/wp-json\/wp\/v2\/comments?post=11581"}],"version-history":[{"count":2,"href":"https:\/\/blogs.elcomercio.es\/reflexiones-de-belarmino\/wp-json\/wp\/v2\/posts\/11581\/revisions"}],"predecessor-version":[{"id":11583,"href":"https:\/\/blogs.elcomercio.es\/reflexiones-de-belarmino\/wp-json\/wp\/v2\/posts\/11581\/revisions\/11583"}],"wp:attachment":[{"href":"https:\/\/blogs.elcomercio.es\/reflexiones-de-belarmino\/wp-json\/wp\/v2\/media?parent=11581"}],"wp:term":[{"taxonomy":"category","embeddable":true,"href":"https:\/\/blogs.elcomercio.es\/reflexiones-de-belarmino\/wp-json\/wp\/v2\/categories?post=11581"},{"taxonomy":"post_tag","embeddable":true,"href":"https:\/\/blogs.elcomercio.es\/reflexiones-de-belarmino\/wp-json\/wp\/v2\/tags?post=11581"}],"curies":[{"name":"wp","href":"https:\/\/api.w.org\/{rel}","templated":true}]}}