{"id":11584,"date":"2019-11-04T09:49:27","date_gmt":"2019-11-04T08:49:27","guid":{"rendered":"https:\/\/blogs.elcomercio.es\/reflexiones-de-belarmino\/?p=11584"},"modified":"2019-11-04T09:49:27","modified_gmt":"2019-11-04T08:49:27","slug":"alberto-fernandez-viaja-hoy-a-mexico-el-grupo-puebla","status":"publish","type":"post","link":"https:\/\/blogs.elcomercio.es\/reflexiones-de-belarmino\/2019\/11\/04\/alberto-fernandez-viaja-hoy-a-mexico-el-grupo-puebla\/","title":{"rendered":"\u00a1\u00a1ALBERTO FERNANDEZ VIAJA HOY A M\u00c8XICO.- EL GRUPO PUEBLA. !!"},"content":{"rendered":"<p><strong>El primer viaje del presidente electo de Argentina al exterior no es,como era historico, a Brasil. Ser\u00e0 a M\u00e8xico, donde se entrevista hoy con L\u00f2pez Obrador.<\/strong><\/p>\n<p><strong>Adem\u00e0s queremos informar que se ha formado hace varios meses el Grupo Puebla, donde hay ex presidentes como Lula y Wilma Roussef, uruguayos y de otros partidos de la izquierda Latinoamericana, a la cual, impulsado por M\u00e8xico y Argentina hace varios meses, van a ser motivo de la visita de Alberto Fern\u00e0ndez.<\/strong><\/p>\n<p><strong>No hay que olvidar que, invitado a la toma de posesion de L\u00f2pez Obrador lo fue Nicol\u00e0s Maduro,quien rechazado por los exilados venezolanos, en cambio en el Z\u00f2calo mexicano fue recibido con aplausos por el pueblo mexicano.<\/strong><\/p>\n<p><strong>El \u00f9nico no latinoamericano que forma parte del Grupo Puebla, es Jos\u00e8 Luis Rodriguez Zapatero-<\/strong><\/p>\n<!-- AddThis Advanced Settings generic via filter on the_content --><!-- AddThis Share Buttons generic via filter on the_content -->","protected":false},"excerpt":{"rendered":"<p>El primer viaje del presidente electo de Argentina al exterior no es,como era historico, a Brasil. Ser\u00e0 a M\u00e8xico, donde se entrevista hoy con L\u00f2pez Obrador. Adem\u00e0s queremos informar que se ha formado hace varios meses el Grupo Puebla, donde hay ex presidentes como Lula y Wilma Roussef, uruguayos y de otros partidos de la [&hellip;]<!-- AddThis Advanced Settings generic via filter on get_the_excerpt --><!-- AddThis Share Buttons generic via filter on get_the_excerpt --><\/p>\n","protected":false},"author":16,"featured_media":0,"comment_status":"open","ping_status":"closed","sticky":false,"template":"","format":"standard","meta":[],"categories":[1],"tags":[],"_links":{"self":[{"href":"https:\/\/blogs.elcomercio.es\/reflexiones-de-belarmino\/wp-json\/wp\/v2\/posts\/11584"}],"collection":[{"href":"https:\/\/blogs.elcomercio.es\/reflexiones-de-belarmino\/wp-json\/wp\/v2\/posts"}],"about":[{"href":"https:\/\/blogs.elcomercio.es\/reflexiones-de-belarmino\/wp-json\/wp\/v2\/types\/post"}],"author":[{"embeddable":true,"href":"https:\/\/blogs.elcomercio.es\/reflexiones-de-belarmino\/wp-json\/wp\/v2\/users\/16"}],"replies":[{"embeddable":true,"href":"https:\/\/blogs.elcomercio.es\/reflexiones-de-belarmino\/wp-json\/wp\/v2\/comments?post=11584"}],"version-history":[{"count":1,"href":"https:\/\/blogs.elcomercio.es\/reflexiones-de-belarmino\/wp-json\/wp\/v2\/posts\/11584\/revisions"}],"predecessor-version":[{"id":11585,"href":"https:\/\/blogs.elcomercio.es\/reflexiones-de-belarmino\/wp-json\/wp\/v2\/posts\/11584\/revisions\/11585"}],"wp:attachment":[{"href":"https:\/\/blogs.elcomercio.es\/reflexiones-de-belarmino\/wp-json\/wp\/v2\/media?parent=11584"}],"wp:term":[{"taxonomy":"category","embeddable":true,"href":"https:\/\/blogs.elcomercio.es\/reflexiones-de-belarmino\/wp-json\/wp\/v2\/categories?post=11584"},{"taxonomy":"post_tag","embeddable":true,"href":"https:\/\/blogs.elcomercio.es\/reflexiones-de-belarmino\/wp-json\/wp\/v2\/tags?post=11584"}],"curies":[{"name":"wp","href":"https:\/\/api.w.org\/{rel}","templated":true}]}}