{"id":11586,"date":"2019-11-04T12:14:20","date_gmt":"2019-11-04T11:14:20","guid":{"rendered":"https:\/\/blogs.elcomercio.es\/reflexiones-de-belarmino\/?p=11586"},"modified":"2019-11-04T12:14:20","modified_gmt":"2019-11-04T11:14:20","slug":"junqueras-llama-cobarde-a-sanchez-por-no-sentarse-a-dialogar","status":"publish","type":"post","link":"https:\/\/blogs.elcomercio.es\/reflexiones-de-belarmino\/2019\/11\/04\/junqueras-llama-cobarde-a-sanchez-por-no-sentarse-a-dialogar\/","title":{"rendered":"\u00a1\u00a1JUNQUERAS LLAMA &#8220;COBARDE A SANCHEZ POR NO SENTARSE A DIALOGAR &#8220;!!"},"content":{"rendered":"<p><strong>Bueno, si en el debate de hoy todos van contra Pedro S\u00e0nchez, lo \u00f9nico que faltaba es la declaraci\u00f2n de hace un momento de Oriol Junqueras donde &#8220;llama cobarde a Pedro S\u00e0nchez por negarse a dialogar como lo ha planteado Torra &#8220;.<\/strong><\/p>\n<p><strong>Atrapado entre las extremas derechas nacionales, las catalanas, la actitud de Pablo Iglesias, hoy en el debate,\u00a0 le ha tocado el atril del centro a Santiago Abascal.El presidente en funciones estar\u00e0 entre Abascal y Pablo Iglesias y del otro lado Casado y Rivera.<\/strong><\/p>\n<p><strong>Mucho temple tendr\u00e0 que tener Pedro S\u00e0nchez para salir airoso de este debate, que habre tres escenarios: el de la alianza del PSOE con UP, MPAIS, ERC y PNV.<\/strong><\/p>\n<p><strong>El segundo ser\u00e0 el enesimo bloqueo, lo que va a conllevar a grandes problemas sociales,\u00a0 y el tercero\u00a0 un acercamiento del bipartidismo,que Vox, criticar\u00e0 y crecer\u00e0 m\u00e0s.<\/strong><\/p>\n<p><strong>En Espa\u00f1a, todo puede pasar de aqu\u00ec a final de a\u00f1o.Esperemos<\/strong><\/p>\n<p>&nbsp;<\/p>\n<!-- AddThis Advanced Settings generic via filter on the_content --><!-- AddThis Share Buttons generic via filter on the_content -->","protected":false},"excerpt":{"rendered":"<p>Bueno, si en el debate de hoy todos van contra Pedro S\u00e0nchez, lo \u00f9nico que faltaba es la declaraci\u00f2n de hace un momento de Oriol Junqueras donde &#8220;llama cobarde a Pedro S\u00e0nchez por negarse a dialogar como lo ha planteado Torra &#8220;. Atrapado entre las extremas derechas nacionales, las catalanas, la actitud de Pablo Iglesias, [&hellip;]<!-- AddThis Advanced Settings generic via filter on get_the_excerpt --><!-- AddThis Share Buttons generic via filter on get_the_excerpt --><\/p>\n","protected":false},"author":16,"featured_media":0,"comment_status":"open","ping_status":"closed","sticky":false,"template":"","format":"standard","meta":[],"categories":[1],"tags":[],"_links":{"self":[{"href":"https:\/\/blogs.elcomercio.es\/reflexiones-de-belarmino\/wp-json\/wp\/v2\/posts\/11586"}],"collection":[{"href":"https:\/\/blogs.elcomercio.es\/reflexiones-de-belarmino\/wp-json\/wp\/v2\/posts"}],"about":[{"href":"https:\/\/blogs.elcomercio.es\/reflexiones-de-belarmino\/wp-json\/wp\/v2\/types\/post"}],"author":[{"embeddable":true,"href":"https:\/\/blogs.elcomercio.es\/reflexiones-de-belarmino\/wp-json\/wp\/v2\/users\/16"}],"replies":[{"embeddable":true,"href":"https:\/\/blogs.elcomercio.es\/reflexiones-de-belarmino\/wp-json\/wp\/v2\/comments?post=11586"}],"version-history":[{"count":3,"href":"https:\/\/blogs.elcomercio.es\/reflexiones-de-belarmino\/wp-json\/wp\/v2\/posts\/11586\/revisions"}],"predecessor-version":[{"id":11589,"href":"https:\/\/blogs.elcomercio.es\/reflexiones-de-belarmino\/wp-json\/wp\/v2\/posts\/11586\/revisions\/11589"}],"wp:attachment":[{"href":"https:\/\/blogs.elcomercio.es\/reflexiones-de-belarmino\/wp-json\/wp\/v2\/media?parent=11586"}],"wp:term":[{"taxonomy":"category","embeddable":true,"href":"https:\/\/blogs.elcomercio.es\/reflexiones-de-belarmino\/wp-json\/wp\/v2\/categories?post=11586"},{"taxonomy":"post_tag","embeddable":true,"href":"https:\/\/blogs.elcomercio.es\/reflexiones-de-belarmino\/wp-json\/wp\/v2\/tags?post=11586"}],"curies":[{"name":"wp","href":"https:\/\/api.w.org\/{rel}","templated":true}]}}