{"id":11590,"date":"2019-11-04T19:22:19","date_gmt":"2019-11-04T18:22:19","guid":{"rendered":"https:\/\/blogs.elcomercio.es\/reflexiones-de-belarmino\/?p=11590"},"modified":"2019-11-04T19:22:19","modified_gmt":"2019-11-04T18:22:19","slug":"lopez-obrador-desmiente-a-maduro-mexico-no-encabeza-un-nuevo-frente-antiliberal-en-america-latina","status":"publish","type":"post","link":"https:\/\/blogs.elcomercio.es\/reflexiones-de-belarmino\/2019\/11\/04\/lopez-obrador-desmiente-a-maduro-mexico-no-encabeza-un-nuevo-frente-antiliberal-en-america-latina\/","title":{"rendered":"\u00a1\u00a1LOPEZ OBRADOR DESMIENTE A MADURO.- MEXICO NO ENCABEZA UN NUEVO FRENTE ANTILIBERAL  EN AMERICA LATINA !!"},"content":{"rendered":"<p><strong>Ayer, mientras Alberto Fern\u00e0ndez viajaba a M\u00e8xico a tratar de convencer a L\u00f2pez Obrador para que Argentina y Mexico fuero los polos de un nuevo frente antiliberal en Am\u00e8rica Latina, Nicol\u00e0s Maduro resaltaba que M\u00e8xico, y Argentina, junto con Venezuela, Cuba, Bolivia y Uruguay, encabezaban la nueva alternativa para un frente antiliberal en Am\u00e8rica Latina y felicitaba a\u00a0 L\u00f2pez Orador.<\/strong><\/p>\n<p><strong>Hace unas horas en su conferencia ma\u00f1anera, Andr\u00e8s Manuel Lopez Obrador lo desminti\u00f2\u00a0 y dejo claro que la pol\u00ectica exterior de M\u00e8xico, desde la Revoluci\u00f2n M\u00e8xicana es el respeto al derecho de cada pueblo a elegir el camino que dese.<\/strong><\/p>\n<p><strong>Cada pa\u00ecs es diferente. Tienen\u00a0 historias diferentes\u00a0 y la politica de M\u00e8xico se mantiene como siempre: El derecho\u00a0 a la autodeterminaci\u00f2n es un principio del pa\u00ecs desde la Revoluci\u00f2n, ha dicho.<br \/>\n<\/strong><\/p>\n<p><strong>M\u00e8xico ha sido consecuente\u00a0 con esa politica. Igual que fu\u00e8 el \u00f9nico pais que no rompio relaciones diplom\u00e0ticas con Cuba hace 50 a\u00f1os cuando lo exigi\u00f2 Estados Unidos y fu\u00e8 el \u00f9nico que reconici\u00f2 a la Segunda Rep\u00f9blica Espa\u00f1ola hasta la muerte de Franco(la URSS fue diferente el caso por que estaba en medio del conflicto), el \u00f9nico que defendi\u00f2 a Abisina cuando la intervenci\u00f2n de Musolinni, el\u00a0 mismo que no ha atacado a Maduro, ahora deja claro que la politica del pais no ha cambiado.<br \/>\n<\/strong><\/p>\n<p>&nbsp;<\/p>\n<p>&nbsp;<\/p>\n<p>&nbsp;<\/p>\n<!-- AddThis Advanced Settings generic via filter on the_content --><!-- AddThis Share Buttons generic via filter on the_content -->","protected":false},"excerpt":{"rendered":"<p>Ayer, mientras Alberto Fern\u00e0ndez viajaba a M\u00e8xico a tratar de convencer a L\u00f2pez Obrador para que Argentina y Mexico fuero los polos de un nuevo frente antiliberal en Am\u00e8rica Latina, Nicol\u00e0s Maduro resaltaba que M\u00e8xico, y Argentina, junto con Venezuela, Cuba, Bolivia y Uruguay, encabezaban la nueva alternativa para un frente antiliberal en Am\u00e8rica Latina [&hellip;]<!-- AddThis Advanced Settings generic via filter on get_the_excerpt --><!-- AddThis Share Buttons generic via filter on get_the_excerpt --><\/p>\n","protected":false},"author":16,"featured_media":0,"comment_status":"open","ping_status":"closed","sticky":false,"template":"","format":"standard","meta":[],"categories":[1],"tags":[],"_links":{"self":[{"href":"https:\/\/blogs.elcomercio.es\/reflexiones-de-belarmino\/wp-json\/wp\/v2\/posts\/11590"}],"collection":[{"href":"https:\/\/blogs.elcomercio.es\/reflexiones-de-belarmino\/wp-json\/wp\/v2\/posts"}],"about":[{"href":"https:\/\/blogs.elcomercio.es\/reflexiones-de-belarmino\/wp-json\/wp\/v2\/types\/post"}],"author":[{"embeddable":true,"href":"https:\/\/blogs.elcomercio.es\/reflexiones-de-belarmino\/wp-json\/wp\/v2\/users\/16"}],"replies":[{"embeddable":true,"href":"https:\/\/blogs.elcomercio.es\/reflexiones-de-belarmino\/wp-json\/wp\/v2\/comments?post=11590"}],"version-history":[{"count":3,"href":"https:\/\/blogs.elcomercio.es\/reflexiones-de-belarmino\/wp-json\/wp\/v2\/posts\/11590\/revisions"}],"predecessor-version":[{"id":11593,"href":"https:\/\/blogs.elcomercio.es\/reflexiones-de-belarmino\/wp-json\/wp\/v2\/posts\/11590\/revisions\/11593"}],"wp:attachment":[{"href":"https:\/\/blogs.elcomercio.es\/reflexiones-de-belarmino\/wp-json\/wp\/v2\/media?parent=11590"}],"wp:term":[{"taxonomy":"category","embeddable":true,"href":"https:\/\/blogs.elcomercio.es\/reflexiones-de-belarmino\/wp-json\/wp\/v2\/categories?post=11590"},{"taxonomy":"post_tag","embeddable":true,"href":"https:\/\/blogs.elcomercio.es\/reflexiones-de-belarmino\/wp-json\/wp\/v2\/tags?post=11590"}],"curies":[{"name":"wp","href":"https:\/\/api.w.org\/{rel}","templated":true}]}}