{"id":11594,"date":"2019-11-05T13:41:35","date_gmt":"2019-11-05T12:41:35","guid":{"rendered":"https:\/\/blogs.elcomercio.es\/reflexiones-de-belarmino\/?p=11594"},"modified":"2019-11-05T13:41:35","modified_gmt":"2019-11-05T12:41:35","slug":"pedro-sanchez-sera-el-presidente-del-gobierno-2019-2023","status":"publish","type":"post","link":"https:\/\/blogs.elcomercio.es\/reflexiones-de-belarmino\/2019\/11\/05\/pedro-sanchez-sera-el-presidente-del-gobierno-2019-2023\/","title":{"rendered":"\u00a1\u00a1PEDRO SANCHEZ SER\u00c2 EL PRESIDENTE DEL GOBIERNO 2019-2023 !!"},"content":{"rendered":"<p><strong>Mantengo lo dicho hace varios meses y lo confirmo tras el debate de ayer.Todos tenemos la informaci\u00f2n, sabemos los candidatos, los programas; nuestras trabas hist\u00f2ricas desde 1921; el cainismo reinante en Espa\u00f1a.<\/strong><\/p>\n<p><strong>De nada sirven las encuestas, multiples y que obedecen a interses particulares.El debate permite tener un elemento m\u00e0s de an\u00e0lisis, pero creo, que es el an\u00e0lisis de lo sucedido en estos \u00f9ltimos a\u00f1os, desde la econom\u00eca, el miedo a la desaceleraci\u00f2n, el papel de due\u00f1os del capital y los an\u00e0liisis hasta el agotamiento de los contertulios de televisi\u00f2n y radio.<\/strong><\/p>\n<p><strong>Todos sabemos de\u00a0 como un programa local, don Mariano y Soraya, lo comnvirtieron en mundial; del papel de los que buscan, desde fuera de Espa\u00f1a, en la derecha y la izquierda, desetablizar a Espa\u00f1a.<\/strong><\/p>\n<p><strong>Cuando me preguntan, razono que yo s\u00f2lo soy &#8220;Dador de Informaci\u00f2n&#8221; y que todos tenemos una cabecita, para hacer nuestro an\u00e0lisis y las prioridades en la vida.<\/strong><\/p>\n<p><strong>Yo soy, uno m\u00e0s.Y tambi\u00e8n hago mis an\u00e0lisis, buenos o malos. Desde hace meses hasta hoy, mantengo en diciembre habr\u00e0 gobierno en Espa\u00f1a y el Presidente ser\u00e0 Pedro Sanchez.<\/strong><\/p>\n<p><strong>Por supuesto puedo estar equivocado.<\/strong><\/p>\n<!-- AddThis Advanced Settings generic via filter on the_content --><!-- AddThis Share Buttons generic via filter on the_content -->","protected":false},"excerpt":{"rendered":"<p>Mantengo lo dicho hace varios meses y lo confirmo tras el debate de ayer.Todos tenemos la informaci\u00f2n, sabemos los candidatos, los programas; nuestras trabas hist\u00f2ricas desde 1921; el cainismo reinante en Espa\u00f1a. De nada sirven las encuestas, multiples y que obedecen a interses particulares.El debate permite tener un elemento m\u00e0s de an\u00e0lisis, pero creo, que [&hellip;]<!-- AddThis Advanced Settings generic via filter on get_the_excerpt --><!-- AddThis Share Buttons generic via filter on get_the_excerpt --><\/p>\n","protected":false},"author":16,"featured_media":0,"comment_status":"open","ping_status":"closed","sticky":false,"template":"","format":"standard","meta":[],"categories":[1],"tags":[],"_links":{"self":[{"href":"https:\/\/blogs.elcomercio.es\/reflexiones-de-belarmino\/wp-json\/wp\/v2\/posts\/11594"}],"collection":[{"href":"https:\/\/blogs.elcomercio.es\/reflexiones-de-belarmino\/wp-json\/wp\/v2\/posts"}],"about":[{"href":"https:\/\/blogs.elcomercio.es\/reflexiones-de-belarmino\/wp-json\/wp\/v2\/types\/post"}],"author":[{"embeddable":true,"href":"https:\/\/blogs.elcomercio.es\/reflexiones-de-belarmino\/wp-json\/wp\/v2\/users\/16"}],"replies":[{"embeddable":true,"href":"https:\/\/blogs.elcomercio.es\/reflexiones-de-belarmino\/wp-json\/wp\/v2\/comments?post=11594"}],"version-history":[{"count":2,"href":"https:\/\/blogs.elcomercio.es\/reflexiones-de-belarmino\/wp-json\/wp\/v2\/posts\/11594\/revisions"}],"predecessor-version":[{"id":11596,"href":"https:\/\/blogs.elcomercio.es\/reflexiones-de-belarmino\/wp-json\/wp\/v2\/posts\/11594\/revisions\/11596"}],"wp:attachment":[{"href":"https:\/\/blogs.elcomercio.es\/reflexiones-de-belarmino\/wp-json\/wp\/v2\/media?parent=11594"}],"wp:term":[{"taxonomy":"category","embeddable":true,"href":"https:\/\/blogs.elcomercio.es\/reflexiones-de-belarmino\/wp-json\/wp\/v2\/categories?post=11594"},{"taxonomy":"post_tag","embeddable":true,"href":"https:\/\/blogs.elcomercio.es\/reflexiones-de-belarmino\/wp-json\/wp\/v2\/tags?post=11594"}],"curies":[{"name":"wp","href":"https:\/\/api.w.org\/{rel}","templated":true}]}}