{"id":1160,"date":"2016-09-05T18:14:26","date_gmt":"2016-09-05T16:14:26","guid":{"rendered":"http:\/\/blogs.elcomercio.es\/reflexiones-de-belarmino\/?p=1160"},"modified":"2016-09-05T18:14:26","modified_gmt":"2016-09-05T16:14:26","slug":"el-g-20-en-china-20-paises-tienen-el-90-del-pib-mundial-oxfam","status":"publish","type":"post","link":"https:\/\/blogs.elcomercio.es\/reflexiones-de-belarmino\/2016\/09\/05\/el-g-20-en-china-20-paises-tienen-el-90-del-pib-mundial-oxfam\/","title":{"rendered":"\u00a1El G 20 en China.&#8221;20 PA\u00cdSES TIENEN EL 90% DEL PIB MUNDIAL&#8221; (Oxfam) !"},"content":{"rendered":"<p><strong><em>La Rep\u00fablica Popular China, dirigida por su Partido Comunista en una econom\u00eda de mercado, sabi\u00e9ndose la\u00a0pr\u00f3xima\u00a0potencia\u00a0mundial,\u00a0con un\u00a0pasado\u00a0milenario , ha recibido en el sur del pa\u00eds a los dirigentes del llamado \u00a0G 20, grupo que\u00a0re\u00fane\u00a0a\u00a0los 20\u00a0pa\u00edses\u00a0m\u00e1s poderosos del mundo\u00a0econ\u00f3mica\u00a0y\u00a0pol\u00edticamente, en una forma tan espectacular que hasta\u00a0los\u00a0propios\u00a0mandatarios sacaban, algunos, sus\u00a0m\u00f3viles\u00a0para captar la riqueza de aquella inauguraci\u00f3n.<\/em><\/strong><\/p>\n<p><strong><em>Seg\u00fan OXFAM esos 20\u00a0pa\u00edses\u00a0concentran\u00a0entre ellos el 90 % del PIB Mundial,\u00a0nada\u00a0m\u00e1s y nada menos.Pero en su mayor\u00eda\u00a0dentro\u00a0de\u00a0cada pa\u00eds como es el caso de Espa\u00f1a, el 10 % de la poblaci\u00f3n,concentra el 90 % del PIB nacional.<\/em><\/strong><\/p>\n<p><strong><em>Dicha reuni\u00f3n, independientemente de tratar de reanimar el crecimiento\u00a0econ\u00f3mico\u00a0mundial, de discutir sobre un arreglo a la guerra de Siria, el Brexit del Reino Unido y otras cosas menores, ha sido importante por los acuerdos entre los propios mandatarios en reuniones bilaterales.<\/em><\/strong><\/p>\n<p><strong><em>Quiz\u00e1s\u00a0pocos\u00a0se dieron\u00a0cuenta\u00a0pero antes de empezar ,en una visita personal en Pekin con el Presidente de China, estaba\u00a0Erdog\u00e1n,\u00a0que\u00a0despu\u00e9s del intento de golpe de Estado, la visita a San Petesburgo a reanudar relaciones\u00a0firmes\u00a0con Rusia,\u00a0de\u00a0recibir\u00a0a Kerry Vicepresidente de E.U. en Ankara,siendo un pa\u00eds clave para evitar la emigraci\u00f3n hacia Europa, y de ser \u00a0un formidable enemigo contra el\u00a0Estado\u00a0Isl\u00e1mico, le faltaba consolidar, en tan s\u00f3lo un par de meses, su relaci\u00f3n con China.<\/em><\/strong><\/p>\n<p><strong><em>Lo m\u00e1s importante en mi\u00a0opini\u00f3n\u00a0es el ACUERDO ENTRE LA\u00a0REP\u00daBLICA\u00a0POPULAR CHINA Y LOS ESTADOS UNIDOS DE\u00a0NORTEAM\u00c9RICA\u00a0 para\u00a0cumplir los ACUERDOS DE\u00a0PAR\u00cdS, referentes al cambio clim\u00e1tico, para impedir algo que ser\u00eda irreversible: Que para 2030, la temperatura de la Tierra superase los dos grados a los 15 grados que ten\u00eda en 2000.<\/em><\/strong><\/p>\n<p><strong><em>Hab\u00edan asistentes con poder real, pero tambi\u00e9n invitados menos significantes, como es el caso de Espa\u00f1a, sin Gobierno durante casi 300 d\u00edas y Brasil, donde tras el Golpe de Estado que se le\u00a0dio\u00a0a Vilma Rouseff,el pueblo en las calles ha salido con\u00a0rabia para\u00a0solicitar\u00a0NUEVAS ELECCIONES, que podr\u00e1n traer sorpresas a Elmer.<\/em><\/strong><\/p>\n<p>&nbsp;<\/p>\n<p>&nbsp;<\/p>\n<!-- AddThis Advanced Settings generic via filter on the_content --><!-- AddThis Share Buttons generic via filter on the_content -->","protected":false},"excerpt":{"rendered":"<p>La Rep\u00fablica Popular China, dirigida por su Partido Comunista en una econom\u00eda de mercado, sabi\u00e9ndose la\u00a0pr\u00f3xima\u00a0potencia\u00a0mundial,\u00a0con un\u00a0pasado\u00a0milenario , ha recibido en el sur del pa\u00eds a los dirigentes del llamado \u00a0G 20, grupo que\u00a0re\u00fane\u00a0a\u00a0los 20\u00a0pa\u00edses\u00a0m\u00e1s poderosos del mundo\u00a0econ\u00f3mica\u00a0y\u00a0pol\u00edticamente, en una forma tan espectacular que hasta\u00a0los\u00a0propios\u00a0mandatarios sacaban, algunos, sus\u00a0m\u00f3viles\u00a0para captar la riqueza de aquella inauguraci\u00f3n. Seg\u00fan [&hellip;]<!-- AddThis Advanced Settings generic via filter on get_the_excerpt --><!-- AddThis Share Buttons generic via filter on get_the_excerpt --><\/p>\n","protected":false},"author":16,"featured_media":0,"comment_status":"open","ping_status":"closed","sticky":false,"template":"","format":"standard","meta":[],"categories":[5],"tags":[],"_links":{"self":[{"href":"https:\/\/blogs.elcomercio.es\/reflexiones-de-belarmino\/wp-json\/wp\/v2\/posts\/1160"}],"collection":[{"href":"https:\/\/blogs.elcomercio.es\/reflexiones-de-belarmino\/wp-json\/wp\/v2\/posts"}],"about":[{"href":"https:\/\/blogs.elcomercio.es\/reflexiones-de-belarmino\/wp-json\/wp\/v2\/types\/post"}],"author":[{"embeddable":true,"href":"https:\/\/blogs.elcomercio.es\/reflexiones-de-belarmino\/wp-json\/wp\/v2\/users\/16"}],"replies":[{"embeddable":true,"href":"https:\/\/blogs.elcomercio.es\/reflexiones-de-belarmino\/wp-json\/wp\/v2\/comments?post=1160"}],"version-history":[{"count":0,"href":"https:\/\/blogs.elcomercio.es\/reflexiones-de-belarmino\/wp-json\/wp\/v2\/posts\/1160\/revisions"}],"wp:attachment":[{"href":"https:\/\/blogs.elcomercio.es\/reflexiones-de-belarmino\/wp-json\/wp\/v2\/media?parent=1160"}],"wp:term":[{"taxonomy":"category","embeddable":true,"href":"https:\/\/blogs.elcomercio.es\/reflexiones-de-belarmino\/wp-json\/wp\/v2\/categories?post=1160"},{"taxonomy":"post_tag","embeddable":true,"href":"https:\/\/blogs.elcomercio.es\/reflexiones-de-belarmino\/wp-json\/wp\/v2\/tags?post=1160"}],"curies":[{"name":"wp","href":"https:\/\/api.w.org\/{rel}","templated":true}]}}