{"id":11608,"date":"2019-11-06T17:49:14","date_gmt":"2019-11-06T16:49:14","guid":{"rendered":"https:\/\/blogs.elcomercio.es\/reflexiones-de-belarmino\/?p=11608"},"modified":"2019-11-06T17:49:14","modified_gmt":"2019-11-06T16:49:14","slug":"testigo-clave-cambia-su-declaracion-en-publico-y-pone-contra-las-cuerdas-a-trump","status":"publish","type":"post","link":"https:\/\/blogs.elcomercio.es\/reflexiones-de-belarmino\/2019\/11\/06\/testigo-clave-cambia-su-declaracion-en-publico-y-pone-contra-las-cuerdas-a-trump\/","title":{"rendered":"\u00a1\u00a1TESTIGO CLAVE, CAMBIA SU DECLARACION EN PUBLICO, Y PONE CONTRA LAS CUERDAS A TRUMP !!"},"content":{"rendered":"<p><strong>Todo parec\u00eca tranquilo este mi\u00e8rcoles.Bueno m\u00e0s all\u00e0 de Barcelona, de Chile, de Siria, de Hon Kong, de los 80 muertos que en en Africa en Mali los heredros de Al Bagdadi, y de la masacre en el norte de M\u00e8xico contra una familia de Mormones, para Trump, parac\u00eca un d\u00ecas m\u00e0s.<\/strong><\/p>\n<p><strong>Hoy le tocaba comparecer a su ex embajador de Ucrania, que no iba a declarar contra \u00e8l.Pero, sorpresa hace dos horas, en publico en Sesion de Congreso de los EE:UU. su ex embajador cambio su declaraci\u00f2n y ha puesto ante las cuerdas a Donald Trump.<\/strong><\/p>\n<p><strong>Al hacerse publicas las comparecencias de todos los que han declarado, saldr\u00e0n a la luz, cosas que, Trump, ni siquiera se imaginaba.<\/strong><\/p>\n<p>&nbsp;<\/p>\n<!-- AddThis Advanced Settings generic via filter on the_content --><!-- AddThis Share Buttons generic via filter on the_content -->","protected":false},"excerpt":{"rendered":"<p>Todo parec\u00eca tranquilo este mi\u00e8rcoles.Bueno m\u00e0s all\u00e0 de Barcelona, de Chile, de Siria, de Hon Kong, de los 80 muertos que en en Africa en Mali los heredros de Al Bagdadi, y de la masacre en el norte de M\u00e8xico contra una familia de Mormones, para Trump, parac\u00eca un d\u00ecas m\u00e0s. Hoy le tocaba comparecer [&hellip;]<!-- AddThis Advanced Settings generic via filter on get_the_excerpt --><!-- AddThis Share Buttons generic via filter on get_the_excerpt --><\/p>\n","protected":false},"author":16,"featured_media":0,"comment_status":"open","ping_status":"closed","sticky":false,"template":"","format":"standard","meta":[],"categories":[1],"tags":[],"_links":{"self":[{"href":"https:\/\/blogs.elcomercio.es\/reflexiones-de-belarmino\/wp-json\/wp\/v2\/posts\/11608"}],"collection":[{"href":"https:\/\/blogs.elcomercio.es\/reflexiones-de-belarmino\/wp-json\/wp\/v2\/posts"}],"about":[{"href":"https:\/\/blogs.elcomercio.es\/reflexiones-de-belarmino\/wp-json\/wp\/v2\/types\/post"}],"author":[{"embeddable":true,"href":"https:\/\/blogs.elcomercio.es\/reflexiones-de-belarmino\/wp-json\/wp\/v2\/users\/16"}],"replies":[{"embeddable":true,"href":"https:\/\/blogs.elcomercio.es\/reflexiones-de-belarmino\/wp-json\/wp\/v2\/comments?post=11608"}],"version-history":[{"count":2,"href":"https:\/\/blogs.elcomercio.es\/reflexiones-de-belarmino\/wp-json\/wp\/v2\/posts\/11608\/revisions"}],"predecessor-version":[{"id":11610,"href":"https:\/\/blogs.elcomercio.es\/reflexiones-de-belarmino\/wp-json\/wp\/v2\/posts\/11608\/revisions\/11610"}],"wp:attachment":[{"href":"https:\/\/blogs.elcomercio.es\/reflexiones-de-belarmino\/wp-json\/wp\/v2\/media?parent=11608"}],"wp:term":[{"taxonomy":"category","embeddable":true,"href":"https:\/\/blogs.elcomercio.es\/reflexiones-de-belarmino\/wp-json\/wp\/v2\/categories?post=11608"},{"taxonomy":"post_tag","embeddable":true,"href":"https:\/\/blogs.elcomercio.es\/reflexiones-de-belarmino\/wp-json\/wp\/v2\/tags?post=11608"}],"curies":[{"name":"wp","href":"https:\/\/api.w.org\/{rel}","templated":true}]}}