{"id":11611,"date":"2019-11-06T18:25:15","date_gmt":"2019-11-06T17:25:15","guid":{"rendered":"https:\/\/blogs.elcomercio.es\/reflexiones-de-belarmino\/?p=11611"},"modified":"2019-11-06T18:25:15","modified_gmt":"2019-11-06T17:25:15","slug":"ante-la-masacre-a-los-mormones-en-ee-uu-piden-que-intervenga-su-ejercito-en-mexico","status":"publish","type":"post","link":"https:\/\/blogs.elcomercio.es\/reflexiones-de-belarmino\/2019\/11\/06\/ante-la-masacre-a-los-mormones-en-ee-uu-piden-que-intervenga-su-ejercito-en-mexico\/","title":{"rendered":"\u00a1\u00a1ANTE LA MASACRE A LOS MORMONES , EN EE.UU PIDEN QUE INTERVENGA  SU EJERCITO EN M\u00c8XICO !!"},"content":{"rendered":"<p><strong>En 10 d\u00ecas, en M\u00e8xico ha habido el ataque de los narcos en Culiac\u00e0n, m\u00e0s tarde un juez libera a todos los lideres de la Union Tepito en la ciudad de M\u00e8xico, que habia detenido el gobierno;luego en Michoac\u00e0n y hace tres d\u00ecas en la frontera, casi con EE:UU en los limites de Chihuahua y Sonora contra una comunidad mormona-<\/strong><\/p>\n<p><strong>Cuatro golpes que exhiben la debilidad del gobierno de Andr\u00e8s Manuel L\u00f2pez Obrador en materia de seguridad, que han dividido al ejercito, y ahora un senador de los EE:UU: dice&#8221; Si M\u00e8xico no puede defender a nuestros nacionales,(los mormones tienen doble nacionalidad) tendremos que mandar a nuestro ejercito &#8220;.<\/strong><\/p>\n<p><strong>Lo que acaba de pasar con los Mormones de la familia LeBaron, ha sido tremendo.Al salir de su casa, mujeres y ni\u00f1os en 3 camionetas blindadas, fueron fueron atacadas, muriendo 3 mujeres y seis ni\u00f1os y fueron secuestrados dos mujeres m\u00e0s y dos ni\u00f1os m\u00e0s.Otro golpe del crimen organizado.<\/strong><\/p>\n<p><strong>El gobierno est\u00e0 contra las cuerdas, antes de cumplir el primer a\u00f1o.<\/strong><\/p>\n<p><strong>Pero si ya hab\u00eca debilidad, lo de Culiac\u00e0n, fue manejado en forma tal que intentaba dividir al ejercito.<\/strong><\/p>\n<p><strong>Pero, lo de la familia LeBaron, ha cruzado la frontera. Trump ha ofrecido ayuda militar a M\u00e8xico, pero L\u00f2pez Obrador, firme, no acepta que los norteamericanoss entren al pa\u00ecs.<\/strong><\/p>\n<p><strong>Voy a tratar de hacer un an\u00e0lisis.<\/strong><\/p>\n<p><strong>Esto est\u00e0 orquestado. Cuando L\u00f2pez Obrador dijo&#8221; a mi no me van a dar un Golpe de Estado&#8221;, me hizo pensar en la historia de M\u00e8xico.<\/strong><\/p>\n<p><strong>En 1910, Madero, acab\u00f2 con la dictadura de Porfirio D\u00ecaz, en elecciones masivas, fue electo presidente de la Rep\u00f9blica, con tremendo apoyo popular.<\/strong><\/p>\n<p><strong>Pero, con el apoyo de los Estados Unidos, mataron en su primer a\u00f1o al presidente Madero, sin darse cuenta, que con ello surgieron por todo el pa\u00ecs los Zapatas, Los Villas e hicieron la Revoluci\u00f2n Mexicana.Era el principio de la Tercera Fase.<\/strong><\/p>\n<p><strong>Pues ahora, hay durmientes organizados y armados como los Zapatistas.<\/strong><\/p>\n<p><strong>Y me pregunto, \u00bf y si la Cuarta Fase, fuera como la Tercera ?.He mantenido que si alguien lo intenta, habr\u00e0 una rebeli\u00f2n del pueblo mexicano, donde los Zapatas y Villas, ya tienen hijos y se prender\u00eca la frontera de EE:UU.<\/strong><\/p>\n<p><strong>De los 4 ex presidentes que crearon el M\u00e8xico actual y su descomposici\u00f2n, dos est\u00e0n M\u00e8xico, Fox y Calderon que gritan y gritan sin base social. Pero he comentado el papel que pudiera estar jugando Pe\u00f1a Nieto desde Madrid,pero&#8230;&#8230;<\/strong><\/p>\n<p><strong>Fuera del pa\u00ecs, en el silencio total, el m\u00e0s peligroso, el que mat\u00f2 al Cardenal Posdas Ocampo y a Luis Donaldo Colosio, con el Tai Chi, el libro de la guerra china, est\u00e0 el hombre de &#8220;la estocada final&#8221;, que se llama Carlos Salinas de Gortari.<\/strong><\/p>\n<p><strong>Este an\u00e0lisis es el que hice hoy a mis lectores deM\u00e8xico, Canada y Peru.No lo deseo en absoluto pero, la historia ense\u00f1a.<\/strong><\/p>\n<p>&nbsp;<\/p>\n<p>&nbsp;<\/p>\n<p>&nbsp;<\/p>\n<!-- AddThis Advanced Settings generic via filter on the_content --><!-- AddThis Share Buttons generic via filter on the_content -->","protected":false},"excerpt":{"rendered":"<p>En 10 d\u00ecas, en M\u00e8xico ha habido el ataque de los narcos en Culiac\u00e0n, m\u00e0s tarde un juez libera a todos los lideres de la Union Tepito en la ciudad de M\u00e8xico, que habia detenido el gobierno;luego en Michoac\u00e0n y hace tres d\u00ecas en la frontera, casi con EE:UU en los limites de Chihuahua y [&hellip;]<!-- AddThis Advanced Settings generic via filter on get_the_excerpt --><!-- AddThis Share Buttons generic via filter on get_the_excerpt --><\/p>\n","protected":false},"author":16,"featured_media":0,"comment_status":"open","ping_status":"closed","sticky":false,"template":"","format":"standard","meta":[],"categories":[1],"tags":[],"_links":{"self":[{"href":"https:\/\/blogs.elcomercio.es\/reflexiones-de-belarmino\/wp-json\/wp\/v2\/posts\/11611"}],"collection":[{"href":"https:\/\/blogs.elcomercio.es\/reflexiones-de-belarmino\/wp-json\/wp\/v2\/posts"}],"about":[{"href":"https:\/\/blogs.elcomercio.es\/reflexiones-de-belarmino\/wp-json\/wp\/v2\/types\/post"}],"author":[{"embeddable":true,"href":"https:\/\/blogs.elcomercio.es\/reflexiones-de-belarmino\/wp-json\/wp\/v2\/users\/16"}],"replies":[{"embeddable":true,"href":"https:\/\/blogs.elcomercio.es\/reflexiones-de-belarmino\/wp-json\/wp\/v2\/comments?post=11611"}],"version-history":[{"count":3,"href":"https:\/\/blogs.elcomercio.es\/reflexiones-de-belarmino\/wp-json\/wp\/v2\/posts\/11611\/revisions"}],"predecessor-version":[{"id":11614,"href":"https:\/\/blogs.elcomercio.es\/reflexiones-de-belarmino\/wp-json\/wp\/v2\/posts\/11611\/revisions\/11614"}],"wp:attachment":[{"href":"https:\/\/blogs.elcomercio.es\/reflexiones-de-belarmino\/wp-json\/wp\/v2\/media?parent=11611"}],"wp:term":[{"taxonomy":"category","embeddable":true,"href":"https:\/\/blogs.elcomercio.es\/reflexiones-de-belarmino\/wp-json\/wp\/v2\/categories?post=11611"},{"taxonomy":"post_tag","embeddable":true,"href":"https:\/\/blogs.elcomercio.es\/reflexiones-de-belarmino\/wp-json\/wp\/v2\/tags?post=11611"}],"curies":[{"name":"wp","href":"https:\/\/api.w.org\/{rel}","templated":true}]}}