{"id":11622,"date":"2019-11-07T17:05:05","date_gmt":"2019-11-07T16:05:05","guid":{"rendered":"https:\/\/blogs.elcomercio.es\/reflexiones-de-belarmino\/?p=11622"},"modified":"2019-11-07T17:05:05","modified_gmt":"2019-11-07T16:05:05","slug":"el-fascismo-asoma-en-espana-con-vox-con-el-metodo-de-trump","status":"publish","type":"post","link":"https:\/\/blogs.elcomercio.es\/reflexiones-de-belarmino\/2019\/11\/07\/el-fascismo-asoma-en-espana-con-vox-con-el-metodo-de-trump\/","title":{"rendered":"\u00a1\u00a1 EL FASCISMO ASOMA EN ESPA\u00d1A  CON VOX CON EL METODO DE TRUMP !!"},"content":{"rendered":"<p><strong>Hoy m\u00e0s de 200 investigadores alertaron sobre la campa\u00f1a de manipulaciones en redes sociales que usa Santiago Abascal y Vox.Tienen el mismo m\u00e8todo, el mismo tipo de manipulaci\u00f2n, las falsas informaciones, que manejaron la ultraderecha y Bannon para llevar a la presidencia a Donald Trump.<\/strong><\/p>\n<p><strong>Con un pasado como el nuestro nadie debe de equivocarse.Una cosa es el Partido Popular y Ciudadanos que luchan por el gobierno y otra VOX, QUE VA POR EL PODER.<\/strong><\/p>\n<p><strong>Todos los partidos est\u00e0n preocupadoss al dia de hoy con Vox. Es un fenomeno nuevo pero que traer\u00eca consecuencias desastrosas para Espa\u00f1a, al mismo tiempo que Le Pen puede llegar al gobierno en Francia y que en Alemania AfD puede derrotar a Angela Merkel.<br \/>\n<\/strong><\/p>\n<p><strong>Si los mismos que est\u00e0n detras del PP y de VOX, son los que llevaron al triunfo a Donald Trump,ya en las instituciones, el fascismo europeo dar\u00eca un paso de gigante.<\/strong><\/p>\n<p><strong>Van tras Europa.<\/strong><\/p>\n<p><strong>Todos los espa\u00f1oles padecieron el fascismo y fue este el que nos llev\u00f2 a la Segunda Guerra mundial.<\/strong><\/p>\n<p><strong>Ante unos ciudadanos hastiados, hay que alertarlos sobre lo que significa Vox y el papel de Bardaji, con el dinero del Movimiento.<\/strong><\/p>\n<p><strong>En Bruselas, se manejan paralelamente, a la los nacionalistas catalanes que a la extrema derecha.<\/strong><\/p>\n<p><strong>En aquella ciudad se est\u00e0 jugando el destino de nuestros y nietos.<\/strong><\/p>\n<p><strong>Cada quien vote por quien quiera, pero es necesario dar la informaci\u00f2n.<\/strong><\/p>\n<!-- AddThis Advanced Settings generic via filter on the_content --><!-- AddThis Share Buttons generic via filter on the_content -->","protected":false},"excerpt":{"rendered":"<p>Hoy m\u00e0s de 200 investigadores alertaron sobre la campa\u00f1a de manipulaciones en redes sociales que usa Santiago Abascal y Vox.Tienen el mismo m\u00e8todo, el mismo tipo de manipulaci\u00f2n, las falsas informaciones, que manejaron la ultraderecha y Bannon para llevar a la presidencia a Donald Trump. Con un pasado como el nuestro nadie debe de equivocarse.Una [&hellip;]<!-- AddThis Advanced Settings generic via filter on get_the_excerpt --><!-- AddThis Share Buttons generic via filter on get_the_excerpt --><\/p>\n","protected":false},"author":16,"featured_media":0,"comment_status":"open","ping_status":"closed","sticky":false,"template":"","format":"standard","meta":[],"categories":[1],"tags":[],"_links":{"self":[{"href":"https:\/\/blogs.elcomercio.es\/reflexiones-de-belarmino\/wp-json\/wp\/v2\/posts\/11622"}],"collection":[{"href":"https:\/\/blogs.elcomercio.es\/reflexiones-de-belarmino\/wp-json\/wp\/v2\/posts"}],"about":[{"href":"https:\/\/blogs.elcomercio.es\/reflexiones-de-belarmino\/wp-json\/wp\/v2\/types\/post"}],"author":[{"embeddable":true,"href":"https:\/\/blogs.elcomercio.es\/reflexiones-de-belarmino\/wp-json\/wp\/v2\/users\/16"}],"replies":[{"embeddable":true,"href":"https:\/\/blogs.elcomercio.es\/reflexiones-de-belarmino\/wp-json\/wp\/v2\/comments?post=11622"}],"version-history":[{"count":4,"href":"https:\/\/blogs.elcomercio.es\/reflexiones-de-belarmino\/wp-json\/wp\/v2\/posts\/11622\/revisions"}],"predecessor-version":[{"id":11626,"href":"https:\/\/blogs.elcomercio.es\/reflexiones-de-belarmino\/wp-json\/wp\/v2\/posts\/11622\/revisions\/11626"}],"wp:attachment":[{"href":"https:\/\/blogs.elcomercio.es\/reflexiones-de-belarmino\/wp-json\/wp\/v2\/media?parent=11622"}],"wp:term":[{"taxonomy":"category","embeddable":true,"href":"https:\/\/blogs.elcomercio.es\/reflexiones-de-belarmino\/wp-json\/wp\/v2\/categories?post=11622"},{"taxonomy":"post_tag","embeddable":true,"href":"https:\/\/blogs.elcomercio.es\/reflexiones-de-belarmino\/wp-json\/wp\/v2\/tags?post=11622"}],"curies":[{"name":"wp","href":"https:\/\/api.w.org\/{rel}","templated":true}]}}