{"id":11627,"date":"2019-11-07T18:58:12","date_gmt":"2019-11-07T17:58:12","guid":{"rendered":"https:\/\/blogs.elcomercio.es\/reflexiones-de-belarmino\/?p=11627"},"modified":"2019-11-07T18:58:12","modified_gmt":"2019-11-07T17:58:12","slug":"mexico-emergesolo-tras-taiwan-en-uno-de-los-grandes-ganadores-tras-el-axcuerdo-comercial-china-ee-uu-el-pais","status":"publish","type":"post","link":"https:\/\/blogs.elcomercio.es\/reflexiones-de-belarmino\/2019\/11\/07\/mexico-emergesolo-tras-taiwan-en-uno-de-los-grandes-ganadores-tras-el-axcuerdo-comercial-china-ee-uu-el-pais\/","title":{"rendered":"\u00a1\u00a1&#8221; MEXICO EMERGE,SOLO TRAS TAIWAN, EN UNO DE LOS GRANDES GANADORES TRAS EL AXCUERDO COMERCIAL CHINA. EE-UU.&#8221; EL PAIS !!"},"content":{"rendered":"<p><strong>Tras los golpes de los narcos, y de la defensa de la soberan\u00eca al decir no a la ayuda de EE:UU, acaba de publicarse, a quien beneficia y a quien afecta el Convenio Comercial entre EE:UU. anunciaado hoy por ambas partes.<\/strong><\/p>\n<p><strong>El titular del diario El Pais, es, en ese tema : &#8221; M\u00e8xico emerge ,s\u00f2lo detras de Taiwan, como el gran ganador de este acuerdo &#8220;.<\/strong><\/p>\n<p><strong>Lopez Obrador enfrent\u00f2 presiones de Estados Unidos, la sugerencia de Trump de enviar soldados para ayudarlos a combatir el crimen organizado, dejando claro que &#8220;este es un problema de Soberania nacional&#8221; y que el pa\u00ecs va a continuar con su proyecto de seguridad.<\/strong><\/p>\n<p><strong>&#8220;No cederemos\u00a0 a actitudes autoritarias&#8221;.<\/strong><\/p>\n<p><strong>El ataque a la familia mormona de LeBar\u00f2n, fue realizado por un cartel llamado La Linea, sucesores del Carteel de Jur\u00e0rez, en plena disputa por ese territorio cerca de la frontera en los limites de Chihuahua y Sonora.<\/strong><\/p>\n<p><strong>En el marco de este proceso, la noticia de los beneficios de 4,500 millones de dolares anuales, es un ba\u00f1o de frescura para el presidente Lopez Obrador a 23 d\u00ecas de cumplir su primer a\u00f1o de gobierno.<\/strong><\/p>\n<!-- AddThis Advanced Settings generic via filter on the_content --><!-- AddThis Share Buttons generic via filter on the_content -->","protected":false},"excerpt":{"rendered":"<p>Tras los golpes de los narcos, y de la defensa de la soberan\u00eca al decir no a la ayuda de EE:UU, acaba de publicarse, a quien beneficia y a quien afecta el Convenio Comercial entre EE:UU. anunciaado hoy por ambas partes. El titular del diario El Pais, es, en ese tema : &#8221; M\u00e8xico emerge [&hellip;]<!-- AddThis Advanced Settings generic via filter on get_the_excerpt --><!-- AddThis Share Buttons generic via filter on get_the_excerpt --><\/p>\n","protected":false},"author":16,"featured_media":0,"comment_status":"open","ping_status":"closed","sticky":false,"template":"","format":"standard","meta":[],"categories":[1],"tags":[],"_links":{"self":[{"href":"https:\/\/blogs.elcomercio.es\/reflexiones-de-belarmino\/wp-json\/wp\/v2\/posts\/11627"}],"collection":[{"href":"https:\/\/blogs.elcomercio.es\/reflexiones-de-belarmino\/wp-json\/wp\/v2\/posts"}],"about":[{"href":"https:\/\/blogs.elcomercio.es\/reflexiones-de-belarmino\/wp-json\/wp\/v2\/types\/post"}],"author":[{"embeddable":true,"href":"https:\/\/blogs.elcomercio.es\/reflexiones-de-belarmino\/wp-json\/wp\/v2\/users\/16"}],"replies":[{"embeddable":true,"href":"https:\/\/blogs.elcomercio.es\/reflexiones-de-belarmino\/wp-json\/wp\/v2\/comments?post=11627"}],"version-history":[{"count":2,"href":"https:\/\/blogs.elcomercio.es\/reflexiones-de-belarmino\/wp-json\/wp\/v2\/posts\/11627\/revisions"}],"predecessor-version":[{"id":11629,"href":"https:\/\/blogs.elcomercio.es\/reflexiones-de-belarmino\/wp-json\/wp\/v2\/posts\/11627\/revisions\/11629"}],"wp:attachment":[{"href":"https:\/\/blogs.elcomercio.es\/reflexiones-de-belarmino\/wp-json\/wp\/v2\/media?parent=11627"}],"wp:term":[{"taxonomy":"category","embeddable":true,"href":"https:\/\/blogs.elcomercio.es\/reflexiones-de-belarmino\/wp-json\/wp\/v2\/categories?post=11627"},{"taxonomy":"post_tag","embeddable":true,"href":"https:\/\/blogs.elcomercio.es\/reflexiones-de-belarmino\/wp-json\/wp\/v2\/tags?post=11627"}],"curies":[{"name":"wp","href":"https:\/\/api.w.org\/{rel}","templated":true}]}}