{"id":11648,"date":"2019-11-08T19:00:23","date_gmt":"2019-11-08T18:00:23","guid":{"rendered":"https:\/\/blogs.elcomercio.es\/reflexiones-de-belarmino\/?p=11648"},"modified":"2019-11-08T19:00:23","modified_gmt":"2019-11-08T18:00:23","slug":"el-domingo-los-espanoles-y-su-clase-politica-definiremos-el-futuro-de-nuestros-hijos","status":"publish","type":"post","link":"https:\/\/blogs.elcomercio.es\/reflexiones-de-belarmino\/2019\/11\/08\/el-domingo-los-espanoles-y-su-clase-politica-definiremos-el-futuro-de-nuestros-hijos\/","title":{"rendered":"\u00a1\u00a1EL DOMINGO LOS ESPA\u00d1OLES Y SU CLASE POLITICA, DEFINIREMOS EL FUTURO DE NUESTROS HIJOS.!!"},"content":{"rendered":"<p><strong>El domingo 10 estar\u00e0 en juego el futuro de nuestros hijos, el futuro de Espa\u00f1a y el final o no de Pedro Sanchez,de Pablo Iglesias y de Albert Rivera.<\/strong><\/p>\n<p><strong>Rafael Bardaj\u00ec, se ha movido con toda la experiencia de como llevaron a Trump, due\u00f1o del segundo y tercer partido del pa\u00ecs, orientando con asesores extranjeros la politica de mentiras que hoy m\u00e0s de 2,000 investigadores, analistas y catedr\u00e0ticos han denunciado ante la opini\u00f2n p\u00f9blica.<\/strong><\/p>\n<p><strong>Ante un empate virtualmente tecnico entre PSOE,UP y MP con 157 esca\u00f1os y de PP,VOX y C`S con 156, ser\u00e0n los nacionalistas, si esta estimaci\u00f2n de la leectura de todas las encuestas hechas por Kiko Llaneras se materializan, los que definir\u00e0n.<\/strong><\/p>\n<p><strong>Pero, como hemos analizado a lo largo de 100 a\u00f1os, las izquierdas se dividen por ideolog\u00ecas y la derecha se une por intereses.<\/strong><\/p>\n<p><strong>Por supuesto que todo est\u00e0 en el aire y que falta lo que se produzca ma\u00f1ana en las jornadas de los independentistas, que en el d\u00eca de reflexion nacional, ellos saldr\u00e0n para ayudarnos a que nosotros reflexionemos sobre ellos.<\/strong><\/p>\n<p><strong>Si Pedro S\u00e0nchez logra llegar a los 130 esca\u00f1os, podr\u00eca ejercer m\u00e0s presion a Pablo Iglesias y ERC.Si no lo logra y no logra formar gobierno e Iglesias se queda en el nivel de descenso, su final pol\u00ectico estar\u00e0 a la vista.Para Pablo Iglesias no arreglarse con Sanchez, ser\u00e0 su final que llevar\u00e0 a Irene Montero a dirigir Unidas Podemos.<\/strong><\/p>\n<p><strong>Lo m\u00e0s doloroso se lo llevar\u00e0 Albert Rivera, por su incapacidad y por que no cabe en los planes de la nueva derecha espa\u00f1ola que dirije Aznar a trav\u00e8s de Rafael Bardaj\u00ec.<\/strong><\/p>\n<p><strong>Pero, eso ata\u00f1e a la clase politica, pero Espa\u00f1a es otra cosa.Nos jugamos la continuidad de la Transici\u00f2n o la hacemos volar por los aires.Los planteamientos de Vox son varios de ellos Anticonstitucionales.El triunfo de esa derecha nos llevaria\u00a0 80 a\u00f1os atr\u00e0s.<\/strong><\/p>\n<p><strong>Queda un d\u00eca todavia para la urnas, que es lo primero que hay realizar.<\/strong><\/p>\n<p><strong>Cuando el pueblo espa\u00f1ol, de nuevo, cabreado. vuelva a las urnas, estar\u00e0 todo en manos de la clase pol\u00ectica y los intereses detras de ellos.<\/strong><\/p>\n<p>&nbsp;<\/p>\n<p>&nbsp;<\/p>\n<!-- AddThis Advanced Settings generic via filter on the_content --><!-- AddThis Share Buttons generic via filter on the_content -->","protected":false},"excerpt":{"rendered":"<p>El domingo 10 estar\u00e0 en juego el futuro de nuestros hijos, el futuro de Espa\u00f1a y el final o no de Pedro Sanchez,de Pablo Iglesias y de Albert Rivera. Rafael Bardaj\u00ec, se ha movido con toda la experiencia de como llevaron a Trump, due\u00f1o del segundo y tercer partido del pa\u00ecs, orientando con asesores extranjeros [&hellip;]<!-- AddThis Advanced Settings generic via filter on get_the_excerpt --><!-- AddThis Share Buttons generic via filter on get_the_excerpt --><\/p>\n","protected":false},"author":16,"featured_media":0,"comment_status":"open","ping_status":"closed","sticky":false,"template":"","format":"standard","meta":[],"categories":[1],"tags":[],"_links":{"self":[{"href":"https:\/\/blogs.elcomercio.es\/reflexiones-de-belarmino\/wp-json\/wp\/v2\/posts\/11648"}],"collection":[{"href":"https:\/\/blogs.elcomercio.es\/reflexiones-de-belarmino\/wp-json\/wp\/v2\/posts"}],"about":[{"href":"https:\/\/blogs.elcomercio.es\/reflexiones-de-belarmino\/wp-json\/wp\/v2\/types\/post"}],"author":[{"embeddable":true,"href":"https:\/\/blogs.elcomercio.es\/reflexiones-de-belarmino\/wp-json\/wp\/v2\/users\/16"}],"replies":[{"embeddable":true,"href":"https:\/\/blogs.elcomercio.es\/reflexiones-de-belarmino\/wp-json\/wp\/v2\/comments?post=11648"}],"version-history":[{"count":2,"href":"https:\/\/blogs.elcomercio.es\/reflexiones-de-belarmino\/wp-json\/wp\/v2\/posts\/11648\/revisions"}],"predecessor-version":[{"id":11650,"href":"https:\/\/blogs.elcomercio.es\/reflexiones-de-belarmino\/wp-json\/wp\/v2\/posts\/11648\/revisions\/11650"}],"wp:attachment":[{"href":"https:\/\/blogs.elcomercio.es\/reflexiones-de-belarmino\/wp-json\/wp\/v2\/media?parent=11648"}],"wp:term":[{"taxonomy":"category","embeddable":true,"href":"https:\/\/blogs.elcomercio.es\/reflexiones-de-belarmino\/wp-json\/wp\/v2\/categories?post=11648"},{"taxonomy":"post_tag","embeddable":true,"href":"https:\/\/blogs.elcomercio.es\/reflexiones-de-belarmino\/wp-json\/wp\/v2\/tags?post=11648"}],"curies":[{"name":"wp","href":"https:\/\/api.w.org\/{rel}","templated":true}]}}