{"id":11660,"date":"2019-11-10T09:31:51","date_gmt":"2019-11-10T08:31:51","guid":{"rendered":"https:\/\/blogs.elcomercio.es\/reflexiones-de-belarmino\/?p=11660"},"modified":"2019-11-10T09:31:51","modified_gmt":"2019-11-10T08:31:51","slug":"9-12-horasderecho-ejercido","status":"publish","type":"post","link":"https:\/\/blogs.elcomercio.es\/reflexiones-de-belarmino\/2019\/11\/10\/9-12-horasderecho-ejercido\/","title":{"rendered":"\u00a1\u00a1   9.12 HORAS,DERECHO EJERCIDO !!"},"content":{"rendered":"<p><strong>Son los 9.12 hs del domingo 10 de noviembre del 2019, y hoy una vez m\u00e0s un miembro de la familia Fern\u00e0ndez Tom\u00e0s, ha ejercido un gran derecho:el del voto.<\/strong><\/p>\n<p><strong>Que lejos estaba el 24 de junio de 1931.En la cuenca minera en Langreo votaban Belarmino Tom\u00e0s , Severina Vega y Pura Tom\u00e0s.<\/strong><\/p>\n<p><strong>Que lejos el 3 de julio de 1958 en que este autor votaba en la ciudad de M\u00e8xico, como al a\u00f1o siguiente Carlos Belarmino y siete a\u00f1os despu\u00e8s Jorge Belarmino.<\/strong><\/p>\n<p><strong>Que lejos, ya fallecido a los 58 a\u00f1os en M\u00e8xico no pod\u00eca votar Belarmino ni su esposa, pero si Rafael y Pura en 1977, en Oviedo primeras elecciones democr\u00e0ticas en Espa\u00f1a.<\/strong><\/p>\n<p><strong>Y desde entonces, hasta hoy ningun miembro de esta familia ha dejado de ejercer ese derecho. En Oviedo hasta los 72 a\u00f1os lo hacia Pura y en Oviedo tambi\u00e8n a los 97 a\u00f1os los hacia Rafael.<\/strong><\/p>\n<p><strong>En M\u00e8xico, nunca, ningun miembros de esta familia,(Carlos hasta los 50 a\u00f1os que fallece), y luego sus hijos, han dejado de ejercer este derecho.<\/strong><\/p>\n<p><strong>En Asturias desde hace 12 a\u00f1os, el autor nunca ha dejado de votar.<\/strong><\/p>\n<p><strong>POR NUESTRA FAMILIA\u00a0 NADIE\u00a0 HA DECIDIDO NUNCA POR NOSOTROS.<\/strong><\/p>\n<p><strong>Todos los recuerdos del pasado asturiano, de la ciudad de M\u00e8xico, del tropico de la Peninsula de Yucat\u00e0n, pasaron por mi mente mientras caminaba de regreso de Cristasa a mi apartamento Gij\u00f2n, donde hago estos blogs..<\/strong><\/p>\n<p><strong>En la sociedad hay obligaciones y hay derechos.Creo que todos los hemos cumplido.<\/strong><\/p>\n<p><strong>Es lo m\u00ecnimo&#8230;&#8230;<\/strong><\/p>\n<p><strong>Orgullo.<\/strong><\/p>\n<!-- AddThis Advanced Settings generic via filter on the_content --><!-- AddThis Share Buttons generic via filter on the_content -->","protected":false},"excerpt":{"rendered":"<p>Son los 9.12 hs del domingo 10 de noviembre del 2019, y hoy una vez m\u00e0s un miembro de la familia Fern\u00e0ndez Tom\u00e0s, ha ejercido un gran derecho:el del voto. Que lejos estaba el 24 de junio de 1931.En la cuenca minera en Langreo votaban Belarmino Tom\u00e0s , Severina Vega y Pura Tom\u00e0s. Que lejos [&hellip;]<!-- AddThis Advanced Settings generic via filter on get_the_excerpt --><!-- AddThis Share Buttons generic via filter on get_the_excerpt --><\/p>\n","protected":false},"author":16,"featured_media":0,"comment_status":"open","ping_status":"closed","sticky":false,"template":"","format":"standard","meta":[],"categories":[1],"tags":[],"_links":{"self":[{"href":"https:\/\/blogs.elcomercio.es\/reflexiones-de-belarmino\/wp-json\/wp\/v2\/posts\/11660"}],"collection":[{"href":"https:\/\/blogs.elcomercio.es\/reflexiones-de-belarmino\/wp-json\/wp\/v2\/posts"}],"about":[{"href":"https:\/\/blogs.elcomercio.es\/reflexiones-de-belarmino\/wp-json\/wp\/v2\/types\/post"}],"author":[{"embeddable":true,"href":"https:\/\/blogs.elcomercio.es\/reflexiones-de-belarmino\/wp-json\/wp\/v2\/users\/16"}],"replies":[{"embeddable":true,"href":"https:\/\/blogs.elcomercio.es\/reflexiones-de-belarmino\/wp-json\/wp\/v2\/comments?post=11660"}],"version-history":[{"count":4,"href":"https:\/\/blogs.elcomercio.es\/reflexiones-de-belarmino\/wp-json\/wp\/v2\/posts\/11660\/revisions"}],"predecessor-version":[{"id":11664,"href":"https:\/\/blogs.elcomercio.es\/reflexiones-de-belarmino\/wp-json\/wp\/v2\/posts\/11660\/revisions\/11664"}],"wp:attachment":[{"href":"https:\/\/blogs.elcomercio.es\/reflexiones-de-belarmino\/wp-json\/wp\/v2\/media?parent=11660"}],"wp:term":[{"taxonomy":"category","embeddable":true,"href":"https:\/\/blogs.elcomercio.es\/reflexiones-de-belarmino\/wp-json\/wp\/v2\/categories?post=11660"},{"taxonomy":"post_tag","embeddable":true,"href":"https:\/\/blogs.elcomercio.es\/reflexiones-de-belarmino\/wp-json\/wp\/v2\/tags?post=11660"}],"curies":[{"name":"wp","href":"https:\/\/api.w.org\/{rel}","templated":true}]}}