{"id":11665,"date":"2019-11-10T12:49:33","date_gmt":"2019-11-10T11:49:33","guid":{"rendered":"https:\/\/blogs.elcomercio.es\/reflexiones-de-belarmino\/?p=11665"},"modified":"2019-11-10T12:49:33","modified_gmt":"2019-11-10T11:49:33","slug":"lo-que-se-juega-asturias-el-dia-de-hoy","status":"publish","type":"post","link":"https:\/\/blogs.elcomercio.es\/reflexiones-de-belarmino\/2019\/11\/10\/lo-que-se-juega-asturias-el-dia-de-hoy\/","title":{"rendered":"\u00a1\u00a1 LO QUE SE JUEGA ASTURIAS EL DIA DE HOY !!"},"content":{"rendered":"<p><strong>Bien, uno es el an\u00e0lisis mundial, hoy sin mayores novedades;otro el an\u00e0lisis econ\u00f2mico mundial\u00a0 que no se va a mover hasta el 2020 y 2021; uno m\u00e0s el nacional que por supuesto,como hemos analizado, tiene ante si un reto.Pero hay uno m\u00e0s que nos interesa por ser nuestra regi\u00f2n: Asturias.<\/strong><\/p>\n<p><strong>Hoy no se tiene en cuenta si las acciones de AcelorMittal subieron el 6 % por el previo acuerdo entre China y Estados Unidos;ni si se sabe que la crisis\u00a0 del gigante del acero va a terminar afectando a los 50,000 italianos y beneficiado a Asturias o no.<\/strong><\/p>\n<p><strong>Hoy se decide el futuro de Espa\u00f1a y, ello, tiene consecuencias muy importantes para Asturias.Aqu\u00ec los politicos entendieron el mensaje de abril y las sinstituciones funcionan.Pero dependemos mucho, muchisimo del Gobierno de la Naci\u00f2n.Si hay gobierno los proyectos asturianos tendr\u00e0n un poderoso apoyo, pero si no se logra, nuestra regi\u00f2n va a verse afectada notablemente.<\/strong><\/p>\n<p><strong>En Asturias, las condiciones meteorol\u00f2gicas, son muy adversas.Llueve y va a llover todo el d\u00eca y la primera impresi\u00f2n es de que la votaci\u00f2n va a bajar, quiz\u00e0s no mucho pero en el global si.<\/strong><\/p>\n<p><strong>A quienes no les afecta es a los partidos que tienen una una poderosa infraestructura en todo el el pais como el PSOE y PP-VOX, incluidos ambos en el mismo proyecto nacional y a UP, o a los partidos nacionalistas.Pero el m\u00e0s afectado por ello ser\u00e0 el menos s\u00f2lido como C^S..<\/strong><\/p>\n<p><strong>Sabemos que los votos por correo bajaron de 1,300.000 a 900,000(sin incluir el voto de los espa\u00f1oles en el extranjero), pero hay que tener en cuenta que en el anterior coincid\u00ecan las elecciones con un puente grande.<\/strong><\/p>\n<p><strong>A las 2 de la tarde tendremos la primera informaci\u00f2n.<\/strong><\/p>\n<p><strong>Muy atentos en Asturias todos los dirigentes pol\u00ecticas estar\u00e0n atentos, pero m\u00e0s lo estar\u00e0 Adr\u00ecan Barb\u00f2n, cuyo proyecto politico se aceleraria o no si hubiese o no gobierno en diciembre.<\/strong><\/p>\n<p>&nbsp;<\/p>\n<!-- AddThis Advanced Settings generic via filter on the_content --><!-- AddThis Share Buttons generic via filter on the_content -->","protected":false},"excerpt":{"rendered":"<p>Bien, uno es el an\u00e0lisis mundial, hoy sin mayores novedades;otro el an\u00e0lisis econ\u00f2mico mundial\u00a0 que no se va a mover hasta el 2020 y 2021; uno m\u00e0s el nacional que por supuesto,como hemos analizado, tiene ante si un reto.Pero hay uno m\u00e0s que nos interesa por ser nuestra regi\u00f2n: Asturias. Hoy no se tiene en [&hellip;]<!-- AddThis Advanced Settings generic via filter on get_the_excerpt --><!-- AddThis Share Buttons generic via filter on get_the_excerpt --><\/p>\n","protected":false},"author":16,"featured_media":0,"comment_status":"open","ping_status":"closed","sticky":false,"template":"","format":"standard","meta":[],"categories":[1],"tags":[],"_links":{"self":[{"href":"https:\/\/blogs.elcomercio.es\/reflexiones-de-belarmino\/wp-json\/wp\/v2\/posts\/11665"}],"collection":[{"href":"https:\/\/blogs.elcomercio.es\/reflexiones-de-belarmino\/wp-json\/wp\/v2\/posts"}],"about":[{"href":"https:\/\/blogs.elcomercio.es\/reflexiones-de-belarmino\/wp-json\/wp\/v2\/types\/post"}],"author":[{"embeddable":true,"href":"https:\/\/blogs.elcomercio.es\/reflexiones-de-belarmino\/wp-json\/wp\/v2\/users\/16"}],"replies":[{"embeddable":true,"href":"https:\/\/blogs.elcomercio.es\/reflexiones-de-belarmino\/wp-json\/wp\/v2\/comments?post=11665"}],"version-history":[{"count":2,"href":"https:\/\/blogs.elcomercio.es\/reflexiones-de-belarmino\/wp-json\/wp\/v2\/posts\/11665\/revisions"}],"predecessor-version":[{"id":11667,"href":"https:\/\/blogs.elcomercio.es\/reflexiones-de-belarmino\/wp-json\/wp\/v2\/posts\/11665\/revisions\/11667"}],"wp:attachment":[{"href":"https:\/\/blogs.elcomercio.es\/reflexiones-de-belarmino\/wp-json\/wp\/v2\/media?parent=11665"}],"wp:term":[{"taxonomy":"category","embeddable":true,"href":"https:\/\/blogs.elcomercio.es\/reflexiones-de-belarmino\/wp-json\/wp\/v2\/categories?post=11665"},{"taxonomy":"post_tag","embeddable":true,"href":"https:\/\/blogs.elcomercio.es\/reflexiones-de-belarmino\/wp-json\/wp\/v2\/tags?post=11665"}],"curies":[{"name":"wp","href":"https:\/\/api.w.org\/{rel}","templated":true}]}}