{"id":11763,"date":"2019-11-14T08:48:48","date_gmt":"2019-11-14T07:48:48","guid":{"rendered":"https:\/\/blogs.elcomercio.es\/reflexiones-de-belarmino\/?p=11763"},"modified":"2019-11-14T08:48:48","modified_gmt":"2019-11-14T07:48:48","slug":"ivan-redondo-del-todos-contra-sanchez-a-por-favor-te-ofrecemos-nuestro-apoyo-de-la-derecha","status":"publish","type":"post","link":"https:\/\/blogs.elcomercio.es\/reflexiones-de-belarmino\/2019\/11\/14\/ivan-redondo-del-todos-contra-sanchez-a-por-favor-te-ofrecemos-nuestro-apoyo-de-la-derecha\/","title":{"rendered":"\u00a1\u00a1IVAN REDONDO, DEL &#8220;TODOS CONTRA SANCHEZ &#8221; A&#8221; POR FAVOR TE OFRECEMOS NUESTRO APOYO DE LA DERECHA&#8221; !!"},"content":{"rendered":"<p><strong>Digan lo que digan, el domingo hubo una jugada maestra, que desbalance\u00f2 a la clase pol\u00ectica del pa\u00ecs, que sent\u00f2 las bases en 48 horas de un posible gobierno y que presenta un nuevo modelo en Europa.El art\u00ecfice de esta jugada maestra, tiene nombre ey apellidos: Ivan Redondo.<\/strong><\/p>\n<p><strong>El vasco de origen empresarial que Pedro S\u00e0nchez encontr\u00f2 en su camino cuando recorri\u00f2 el desierto de aquel Comit\u00e8 Federal, ha sido no s\u00f2lo su mejor contrataci\u00f2n, sino un asesor, Jefe de Gabinete, ahora que lo ha llevado de derribar a Rajoy en aquella Moci\u00f2n de Censura, hasta estar a punto de llevarlo al gobierno por 4 a\u00f1os.<\/strong><\/p>\n<p><strong>El domingo, todos eran &#8220;contra Sanchez&#8221;, En menos de 48 horas, el PP, Nu\u00f1ez Feij\u00f2, lo que queda de Ciudadanos rogaban por ofrecerle su apoyo, y Vox trataba de meter el sobadisimo slogan de los populares que ya nadie hace caso: &#8221; Cuidado este es un Golpe de Estado Bolivariano que nos va a llevar hasta las tarjetas de racionamiento&#8221;.<\/strong><\/p>\n<p><strong>De ese tama\u00f1o fu\u00e8 la jugada maestra que en 48 horas, tan s\u00f2lo, como lo hab\u00eca ofrecido Pedro S\u00e0nchez.<\/strong><\/p>\n<p><strong>&#8221; Con usted ni a la esquina&#8221;, no cuente con nuestro apoyo&#8221; &#8220;es usted un lastre para Espa\u00f1a&#8221;, hasta las s\u00f9plicas de la derecha para que pactasee con ellos.<\/strong><\/p>\n<p><strong>En el arte que es la pol\u00ectica, esa fue una jugada maestra.<\/strong><\/p>\n<!-- AddThis Advanced Settings generic via filter on the_content --><!-- AddThis Share Buttons generic via filter on the_content -->","protected":false},"excerpt":{"rendered":"<p>Digan lo que digan, el domingo hubo una jugada maestra, que desbalance\u00f2 a la clase pol\u00ectica del pa\u00ecs, que sent\u00f2 las bases en 48 horas de un posible gobierno y que presenta un nuevo modelo en Europa.El art\u00ecfice de esta jugada maestra, tiene nombre ey apellidos: Ivan Redondo. El vasco de origen empresarial que Pedro [&hellip;]<!-- AddThis Advanced Settings generic via filter on get_the_excerpt --><!-- AddThis Share Buttons generic via filter on get_the_excerpt --><\/p>\n","protected":false},"author":16,"featured_media":0,"comment_status":"open","ping_status":"closed","sticky":false,"template":"","format":"standard","meta":[],"categories":[1],"tags":[],"_links":{"self":[{"href":"https:\/\/blogs.elcomercio.es\/reflexiones-de-belarmino\/wp-json\/wp\/v2\/posts\/11763"}],"collection":[{"href":"https:\/\/blogs.elcomercio.es\/reflexiones-de-belarmino\/wp-json\/wp\/v2\/posts"}],"about":[{"href":"https:\/\/blogs.elcomercio.es\/reflexiones-de-belarmino\/wp-json\/wp\/v2\/types\/post"}],"author":[{"embeddable":true,"href":"https:\/\/blogs.elcomercio.es\/reflexiones-de-belarmino\/wp-json\/wp\/v2\/users\/16"}],"replies":[{"embeddable":true,"href":"https:\/\/blogs.elcomercio.es\/reflexiones-de-belarmino\/wp-json\/wp\/v2\/comments?post=11763"}],"version-history":[{"count":4,"href":"https:\/\/blogs.elcomercio.es\/reflexiones-de-belarmino\/wp-json\/wp\/v2\/posts\/11763\/revisions"}],"predecessor-version":[{"id":11767,"href":"https:\/\/blogs.elcomercio.es\/reflexiones-de-belarmino\/wp-json\/wp\/v2\/posts\/11763\/revisions\/11767"}],"wp:attachment":[{"href":"https:\/\/blogs.elcomercio.es\/reflexiones-de-belarmino\/wp-json\/wp\/v2\/media?parent=11763"}],"wp:term":[{"taxonomy":"category","embeddable":true,"href":"https:\/\/blogs.elcomercio.es\/reflexiones-de-belarmino\/wp-json\/wp\/v2\/categories?post=11763"},{"taxonomy":"post_tag","embeddable":true,"href":"https:\/\/blogs.elcomercio.es\/reflexiones-de-belarmino\/wp-json\/wp\/v2\/tags?post=11763"}],"curies":[{"name":"wp","href":"https:\/\/api.w.org\/{rel}","templated":true}]}}