{"id":11768,"date":"2019-11-14T09:03:01","date_gmt":"2019-11-14T08:03:01","guid":{"rendered":"https:\/\/blogs.elcomercio.es\/reflexiones-de-belarmino\/?p=11768"},"modified":"2019-11-14T09:03:01","modified_gmt":"2019-11-14T08:03:01","slug":"adriana-lastra","status":"publish","type":"post","link":"https:\/\/blogs.elcomercio.es\/reflexiones-de-belarmino\/2019\/11\/14\/adriana-lastra\/","title":{"rendered":"\u00a1\u00a1 ADRIANA LASTRA !!"},"content":{"rendered":"<p><strong>Hace 35 a\u00f1os\u00a0\u00a0 lo escuch\u00e8, &#8221; Villa va a la Ejecutiva &#8220;.Era la maxima aspiraci\u00f2n\u00a0 de los socialistas asturianos cuando fue electo Pedro de Silva.<\/strong><\/p>\n<p><strong>Y pasaron los a\u00f1os, y los asturianos,con toda nuestra historia, si colocabamos a alguien\u00a0 en el Conejo de Ministros, era un epopeya&#8221;grandona&#8221;.<\/strong><\/p>\n<p><strong>Pero en cuanto el lastre de Javier Fern\u00e0ndez, oblig\u00f2 a sacar lo mejor de nuestra region, unos cuantos que se atrevieron a desafiar el poder de aquel Presidente del Principado hoy en el olvido, surgieron cuadros como Adriana Lastra.<\/strong><\/p>\n<p><strong>Bajita, leal, inteligente, de inmediato la asturiana fu\u00e8 ubicada por Pedro Sanchez. Una vez ello, ella con su propio trabajo y esfuerzo se ha convertido en uno de los principales baluartes del socialismo espa\u00f1ol, al grado de quien va a tener la fundamental renu\u00f2n de hoy con Rufi\u00e0n, para abrir el camino ,duro,muy duro, con Ezquerra Republicana, es Adriana Lastra.Ni siquiera fue Abalos. A \u00e8l le encargaron las negociaciones que tiene con las comunidades que buscana algo de Fomento.<\/strong><\/p>\n<p><strong>Pero, para la primera reuni\u00f2n politica con los independentistas catalanes a quien nombraron, fue a esa asturiana\u00a0 heredera de los mejor de nuestra historia.<\/strong><\/p>\n<p><strong>Mis respetos.<\/strong><\/p>\n<!-- AddThis Advanced Settings generic via filter on the_content --><!-- AddThis Share Buttons generic via filter on the_content -->","protected":false},"excerpt":{"rendered":"<p>Hace 35 a\u00f1os\u00a0\u00a0 lo escuch\u00e8, &#8221; Villa va a la Ejecutiva &#8220;.Era la maxima aspiraci\u00f2n\u00a0 de los socialistas asturianos cuando fue electo Pedro de Silva. Y pasaron los a\u00f1os, y los asturianos,con toda nuestra historia, si colocabamos a alguien\u00a0 en el Conejo de Ministros, era un epopeya&#8221;grandona&#8221;. Pero en cuanto el lastre de Javier Fern\u00e0ndez, [&hellip;]<!-- AddThis Advanced Settings generic via filter on get_the_excerpt --><!-- AddThis Share Buttons generic via filter on get_the_excerpt --><\/p>\n","protected":false},"author":16,"featured_media":0,"comment_status":"open","ping_status":"closed","sticky":false,"template":"","format":"standard","meta":[],"categories":[1],"tags":[],"_links":{"self":[{"href":"https:\/\/blogs.elcomercio.es\/reflexiones-de-belarmino\/wp-json\/wp\/v2\/posts\/11768"}],"collection":[{"href":"https:\/\/blogs.elcomercio.es\/reflexiones-de-belarmino\/wp-json\/wp\/v2\/posts"}],"about":[{"href":"https:\/\/blogs.elcomercio.es\/reflexiones-de-belarmino\/wp-json\/wp\/v2\/types\/post"}],"author":[{"embeddable":true,"href":"https:\/\/blogs.elcomercio.es\/reflexiones-de-belarmino\/wp-json\/wp\/v2\/users\/16"}],"replies":[{"embeddable":true,"href":"https:\/\/blogs.elcomercio.es\/reflexiones-de-belarmino\/wp-json\/wp\/v2\/comments?post=11768"}],"version-history":[{"count":3,"href":"https:\/\/blogs.elcomercio.es\/reflexiones-de-belarmino\/wp-json\/wp\/v2\/posts\/11768\/revisions"}],"predecessor-version":[{"id":11771,"href":"https:\/\/blogs.elcomercio.es\/reflexiones-de-belarmino\/wp-json\/wp\/v2\/posts\/11768\/revisions\/11771"}],"wp:attachment":[{"href":"https:\/\/blogs.elcomercio.es\/reflexiones-de-belarmino\/wp-json\/wp\/v2\/media?parent=11768"}],"wp:term":[{"taxonomy":"category","embeddable":true,"href":"https:\/\/blogs.elcomercio.es\/reflexiones-de-belarmino\/wp-json\/wp\/v2\/categories?post=11768"},{"taxonomy":"post_tag","embeddable":true,"href":"https:\/\/blogs.elcomercio.es\/reflexiones-de-belarmino\/wp-json\/wp\/v2\/tags?post=11768"}],"curies":[{"name":"wp","href":"https:\/\/api.w.org\/{rel}","templated":true}]}}