{"id":11772,"date":"2019-11-14T09:12:19","date_gmt":"2019-11-14T08:12:19","guid":{"rendered":"https:\/\/blogs.elcomercio.es\/reflexiones-de-belarmino\/?p=11772"},"modified":"2019-11-14T09:12:19","modified_gmt":"2019-11-14T08:12:19","slug":"en-nuestras-cuancas-mineras-de-un-villa-a-otro-villa","status":"publish","type":"post","link":"https:\/\/blogs.elcomercio.es\/reflexiones-de-belarmino\/2019\/11\/14\/en-nuestras-cuancas-mineras-de-un-villa-a-otro-villa\/","title":{"rendered":"\u00a1\u00a1 EN NUESTRAS CUANCAS MINERAS DE UN VILLA A OTRO VILLA !!"},"content":{"rendered":"<p><strong>Ayer mientras un Villa, cacique, acusado por la justicia, corrupto, que acab\u00f2 con las cuencas mineras en 40 a\u00f1os, languideciendo como un anciano en Oviedo mientras entra a la c\u00e0rcel otro Villa, tambi\u00e8n de las cuencas mineras David Villa uno de los mejores jugadores de la historia de futbol, y el m\u00e0ximo anotador en la selecci\u00f2n nacional, a sus 38 a\u00f1os, con la familia hecha, con una situaci\u00f2n economica muy s\u00f2lida,lograda tan s\u00f2lo por su habilidad y duro trabajo, se desped\u00eca del futbol.<\/strong><\/p>\n<p><strong>Triunfador, en plenos 38 a\u00f1os, con su familia, era el ejemplo de que lo que fueron en su momento las cuencas mineras asturianas, que junto con las textiles catalanas, el acero vasco con su carb\u00f2n, fueron las tres primeras regiones de Espa\u00f1a donde se desarroll\u00f2 la Revolici\u00f2n Industrial.<\/strong><\/p>\n<p><strong>David Villa un digno ejemplo de nuestras cuencas mineras.<\/strong><\/p>\n<!-- AddThis Advanced Settings generic via filter on the_content --><!-- AddThis Share Buttons generic via filter on the_content -->","protected":false},"excerpt":{"rendered":"<p>Ayer mientras un Villa, cacique, acusado por la justicia, corrupto, que acab\u00f2 con las cuencas mineras en 40 a\u00f1os, languideciendo como un anciano en Oviedo mientras entra a la c\u00e0rcel otro Villa, tambi\u00e8n de las cuencas mineras David Villa uno de los mejores jugadores de la historia de futbol, y el m\u00e0ximo anotador en la [&hellip;]<!-- AddThis Advanced Settings generic via filter on get_the_excerpt --><!-- AddThis Share Buttons generic via filter on get_the_excerpt --><\/p>\n","protected":false},"author":16,"featured_media":0,"comment_status":"open","ping_status":"closed","sticky":false,"template":"","format":"standard","meta":[],"categories":[1],"tags":[],"_links":{"self":[{"href":"https:\/\/blogs.elcomercio.es\/reflexiones-de-belarmino\/wp-json\/wp\/v2\/posts\/11772"}],"collection":[{"href":"https:\/\/blogs.elcomercio.es\/reflexiones-de-belarmino\/wp-json\/wp\/v2\/posts"}],"about":[{"href":"https:\/\/blogs.elcomercio.es\/reflexiones-de-belarmino\/wp-json\/wp\/v2\/types\/post"}],"author":[{"embeddable":true,"href":"https:\/\/blogs.elcomercio.es\/reflexiones-de-belarmino\/wp-json\/wp\/v2\/users\/16"}],"replies":[{"embeddable":true,"href":"https:\/\/blogs.elcomercio.es\/reflexiones-de-belarmino\/wp-json\/wp\/v2\/comments?post=11772"}],"version-history":[{"count":3,"href":"https:\/\/blogs.elcomercio.es\/reflexiones-de-belarmino\/wp-json\/wp\/v2\/posts\/11772\/revisions"}],"predecessor-version":[{"id":11775,"href":"https:\/\/blogs.elcomercio.es\/reflexiones-de-belarmino\/wp-json\/wp\/v2\/posts\/11772\/revisions\/11775"}],"wp:attachment":[{"href":"https:\/\/blogs.elcomercio.es\/reflexiones-de-belarmino\/wp-json\/wp\/v2\/media?parent=11772"}],"wp:term":[{"taxonomy":"category","embeddable":true,"href":"https:\/\/blogs.elcomercio.es\/reflexiones-de-belarmino\/wp-json\/wp\/v2\/categories?post=11772"},{"taxonomy":"post_tag","embeddable":true,"href":"https:\/\/blogs.elcomercio.es\/reflexiones-de-belarmino\/wp-json\/wp\/v2\/tags?post=11772"}],"curies":[{"name":"wp","href":"https:\/\/api.w.org\/{rel}","templated":true}]}}