{"id":11784,"date":"2019-11-14T20:03:22","date_gmt":"2019-11-14T19:03:22","guid":{"rendered":"https:\/\/blogs.elcomercio.es\/reflexiones-de-belarmino\/?p=11784"},"modified":"2019-11-14T20:03:22","modified_gmt":"2019-11-14T19:03:22","slug":"lo-que-olvida-felipe-gonzalez","status":"publish","type":"post","link":"https:\/\/blogs.elcomercio.es\/reflexiones-de-belarmino\/2019\/11\/14\/lo-que-olvida-felipe-gonzalez\/","title":{"rendered":"\u00a1\u00a1LO QUE OLVIDA FELIPE GONZALEZ !!"},"content":{"rendered":"<p><strong>Uno cambia con los a\u00f1os, y as\u00ec nos pasa a todos.Recuerdo la \u00e8poca de nuestra relaci\u00f2n con Felipe, de quien agredec\u00ec sus finezas conmigo, un d\u00eca recuerdo mis palabras: &#8220;Felipe, cada quien tiene su ubicaci\u00f2n. Tu eres un estadista y yo soy s\u00f2lo un modeste luchador social&#8221;.As\u00ec lo senti y asi se lo dije,no se si aqu\u00ec o en M\u00e8xico.<\/strong><\/p>\n<p><strong>Pero pasan los a\u00f1os y cada quien va madurando y manejando su vida a su forma de entender.En los casi 13 a\u00f1os que tengo de haber venido a Asturias, nunca lo busqu\u00e8 y no nos hemos visto. El no sabe que hago yo, pero yo si lo que el hace como figura p\u00f9blica.<\/strong><\/p>\n<p><strong>Ha sido muy critico con los independentistas catalanes, pero parace haber olvidado que \u00e8l\u00a0 independentismo catal\u00e0n y el vasco se fortaleci\u00f2n durante 40 a\u00f1os gracias al Bip\u00e0rtidismo.\u00bf Por qu\u00e8 nadie se mete con Felipe, con Aznar o Pujol?. Por que saben TODO,TODO por donde transit\u00f2 el proceso.Saben como se hizo la transici\u00f2n, quien estuvo detr\u00e0s de ella, que pas\u00f2 con el intento de golpe de Tejero, lo del gobierno de unidad nacional que propon\u00eca Armada y el papel de Juan Carlos I ese d\u00eca.<\/strong><\/p>\n<p><strong>Pero, parece olvidar hoy, Felipe Gonz\u00e0lez en sus ataques a los independentistas catalanes, que fueron \u00e8l y Aznar, los grandes forjadores del independentismo catal\u00e0n.<\/strong><\/p>\n<p><strong>Cada gobierno, el bip\u00e0rtidismo necesitaba de los catalanes y sus pocos votos para ayudarlos al PSOE o al PP, y ah\u00ec estaba Jordi Pujol.En cada cambio de gobierno Catalu\u00f1a fu\u00e8 fortaleciendo a una burgues\u00eca encabezada por Jordi Pujol, que entre las infraestructuras y su 3 % del que hablaba Maragall, hasta quee esa burguesia decidi\u00f2 no ser una burguesia de una parte de Espa\u00f1a, sino quison convertirse en burguesia de una Naci\u00f2n.<\/strong><\/p>\n<p><strong>Felipe y Aznar fueron los impulsores de la fuerza econ\u00f2mica y la ambici\u00f2n de esas burguesias, la catalana y la vasca, hasta que lleg\u00f2 el momento en que los catalanes, ense\u00f1ando en sus escuelas lo que quer\u00ecan,\u00a0 con sus medios de comunicacion, se sintieron fuertes, y lanzaron a la aventura hace 2 a\u00f1os a una juventud que est\u00e0 viviendo este momento rom\u00e0ntico en busqueda de una Rep\u00f9blica que, por ahora y bastantes a\u00f1os no vendr\u00e0.<\/strong><\/p>\n<p><strong>No es culpa de ellos. Felipe hablaba de esa generaci\u00f2n, por que tuvo la suya, pero habr\u00eca que agregarle que todos tuvimos la nuestra.Si a los 80,le saco un a\u00f1o a Felipe, pensamos diferentes por algo es. Yo soy m\u00e0s radical ahora que a los 18 y creo que Felipe le sucede a la inversa.<\/strong><\/p>\n<p><strong>Cuando se dice que el modelo que se est\u00e0 formando en Espa\u00f1a de la union de los socialistas y los comunistas, es un modelo \u00f9nico en Europa, quiz\u00e0s debido a la sensibilidad de un vasco que no tuvo nada que ver con 1921, y hoy muchos estamos muy satissfechos de ese gobierno de izquierda que viene en Espa\u00f1a y que, a m\u00e0s tardar el 24 de diciembre en segunda vuelta va a tomar posesi\u00f2n.<\/strong><\/p>\n<p><strong>Cada quien escogi\u00f2 su camino.Hoy yo ver\u00eca a Felipe como ese estadista, sino hablar\u00eca con \u00e8l de tu a tu. Cada uno hemos llegado a donde estamos, por algo.<\/strong><\/p>\n<!-- AddThis Advanced Settings generic via filter on the_content --><!-- AddThis Share Buttons generic via filter on the_content -->","protected":false},"excerpt":{"rendered":"<p>Uno cambia con los a\u00f1os, y as\u00ec nos pasa a todos.Recuerdo la \u00e8poca de nuestra relaci\u00f2n con Felipe, de quien agredec\u00ec sus finezas conmigo, un d\u00eca recuerdo mis palabras: &#8220;Felipe, cada quien tiene su ubicaci\u00f2n. Tu eres un estadista y yo soy s\u00f2lo un modeste luchador social&#8221;.As\u00ec lo senti y asi se lo dije,no se [&hellip;]<!-- AddThis Advanced Settings generic via filter on get_the_excerpt --><!-- AddThis Share Buttons generic via filter on get_the_excerpt --><\/p>\n","protected":false},"author":16,"featured_media":0,"comment_status":"open","ping_status":"closed","sticky":false,"template":"","format":"standard","meta":[],"categories":[1],"tags":[],"_links":{"self":[{"href":"https:\/\/blogs.elcomercio.es\/reflexiones-de-belarmino\/wp-json\/wp\/v2\/posts\/11784"}],"collection":[{"href":"https:\/\/blogs.elcomercio.es\/reflexiones-de-belarmino\/wp-json\/wp\/v2\/posts"}],"about":[{"href":"https:\/\/blogs.elcomercio.es\/reflexiones-de-belarmino\/wp-json\/wp\/v2\/types\/post"}],"author":[{"embeddable":true,"href":"https:\/\/blogs.elcomercio.es\/reflexiones-de-belarmino\/wp-json\/wp\/v2\/users\/16"}],"replies":[{"embeddable":true,"href":"https:\/\/blogs.elcomercio.es\/reflexiones-de-belarmino\/wp-json\/wp\/v2\/comments?post=11784"}],"version-history":[{"count":2,"href":"https:\/\/blogs.elcomercio.es\/reflexiones-de-belarmino\/wp-json\/wp\/v2\/posts\/11784\/revisions"}],"predecessor-version":[{"id":11786,"href":"https:\/\/blogs.elcomercio.es\/reflexiones-de-belarmino\/wp-json\/wp\/v2\/posts\/11784\/revisions\/11786"}],"wp:attachment":[{"href":"https:\/\/blogs.elcomercio.es\/reflexiones-de-belarmino\/wp-json\/wp\/v2\/media?parent=11784"}],"wp:term":[{"taxonomy":"category","embeddable":true,"href":"https:\/\/blogs.elcomercio.es\/reflexiones-de-belarmino\/wp-json\/wp\/v2\/categories?post=11784"},{"taxonomy":"post_tag","embeddable":true,"href":"https:\/\/blogs.elcomercio.es\/reflexiones-de-belarmino\/wp-json\/wp\/v2\/tags?post=11784"}],"curies":[{"name":"wp","href":"https:\/\/api.w.org\/{rel}","templated":true}]}}