{"id":11787,"date":"2019-11-14T20:11:28","date_gmt":"2019-11-14T19:11:28","guid":{"rendered":"https:\/\/blogs.elcomercio.es\/reflexiones-de-belarmino\/?p=11787"},"modified":"2019-11-14T20:11:28","modified_gmt":"2019-11-14T19:11:28","slug":"sorpresivamente-felipe-vi-se-reune-con-raul-castro","status":"publish","type":"post","link":"https:\/\/blogs.elcomercio.es\/reflexiones-de-belarmino\/2019\/11\/14\/sorpresivamente-felipe-vi-se-reune-con-raul-castro\/","title":{"rendered":"\u00a1\u00a1SORPRESIVAMENTE FELIPE VI SE REUNE CON RAUL CASTRO !!"},"content":{"rendered":"<p><strong>No estaba en la agenda, pero surgi\u00f2 a petici\u00f2n del gobierno cubano. Felipe VI y Raul Castro se conocen de las cumbres Iberoamericanas, y casi al terminar su visita,sorpresivamente se reunieron en privado.<\/strong><\/p>\n<p><strong>Borrell, para que no hubiera duda, dej\u00f2 muy claro, despu\u00e8s de lo que fue una exitosa visita para ambos paises, dijo&#8221; las cosas hay que llamarlas por su nombre: &#8220;Aqu\u00ec hay un bloqueo norteamericano &#8220;<\/strong><\/p>\n<!-- AddThis Advanced Settings generic via filter on the_content --><!-- AddThis Share Buttons generic via filter on the_content -->","protected":false},"excerpt":{"rendered":"<p>No estaba en la agenda, pero surgi\u00f2 a petici\u00f2n del gobierno cubano. Felipe VI y Raul Castro se conocen de las cumbres Iberoamericanas, y casi al terminar su visita,sorpresivamente se reunieron en privado. Borrell, para que no hubiera duda, dej\u00f2 muy claro, despu\u00e8s de lo que fue una exitosa visita para ambos paises, dijo&#8221; las [&hellip;]<!-- AddThis Advanced Settings generic via filter on get_the_excerpt --><!-- AddThis Share Buttons generic via filter on get_the_excerpt --><\/p>\n","protected":false},"author":16,"featured_media":0,"comment_status":"open","ping_status":"closed","sticky":false,"template":"","format":"standard","meta":[],"categories":[1],"tags":[],"_links":{"self":[{"href":"https:\/\/blogs.elcomercio.es\/reflexiones-de-belarmino\/wp-json\/wp\/v2\/posts\/11787"}],"collection":[{"href":"https:\/\/blogs.elcomercio.es\/reflexiones-de-belarmino\/wp-json\/wp\/v2\/posts"}],"about":[{"href":"https:\/\/blogs.elcomercio.es\/reflexiones-de-belarmino\/wp-json\/wp\/v2\/types\/post"}],"author":[{"embeddable":true,"href":"https:\/\/blogs.elcomercio.es\/reflexiones-de-belarmino\/wp-json\/wp\/v2\/users\/16"}],"replies":[{"embeddable":true,"href":"https:\/\/blogs.elcomercio.es\/reflexiones-de-belarmino\/wp-json\/wp\/v2\/comments?post=11787"}],"version-history":[{"count":1,"href":"https:\/\/blogs.elcomercio.es\/reflexiones-de-belarmino\/wp-json\/wp\/v2\/posts\/11787\/revisions"}],"predecessor-version":[{"id":11788,"href":"https:\/\/blogs.elcomercio.es\/reflexiones-de-belarmino\/wp-json\/wp\/v2\/posts\/11787\/revisions\/11788"}],"wp:attachment":[{"href":"https:\/\/blogs.elcomercio.es\/reflexiones-de-belarmino\/wp-json\/wp\/v2\/media?parent=11787"}],"wp:term":[{"taxonomy":"category","embeddable":true,"href":"https:\/\/blogs.elcomercio.es\/reflexiones-de-belarmino\/wp-json\/wp\/v2\/categories?post=11787"},{"taxonomy":"post_tag","embeddable":true,"href":"https:\/\/blogs.elcomercio.es\/reflexiones-de-belarmino\/wp-json\/wp\/v2\/tags?post=11787"}],"curies":[{"name":"wp","href":"https:\/\/api.w.org\/{rel}","templated":true}]}}