{"id":11789,"date":"2019-11-14T20:24:51","date_gmt":"2019-11-14T19:24:51","guid":{"rendered":"https:\/\/blogs.elcomercio.es\/reflexiones-de-belarmino\/?p=11789"},"modified":"2019-11-14T20:24:51","modified_gmt":"2019-11-14T19:24:51","slug":"abascal-y-trump-igualitos-salvo-por-los-8000-millones","status":"publish","type":"post","link":"https:\/\/blogs.elcomercio.es\/reflexiones-de-belarmino\/2019\/11\/14\/abascal-y-trump-igualitos-salvo-por-los-8000-millones\/","title":{"rendered":"\u00a1\u00a1ABASCAL Y TRUMP, IGUALITOS, SALVO POR LOS 8,000 MILLONES !!"},"content":{"rendered":"<p><strong>Cuando en 2017, en septiembre, Bardaji le present\u00f2 a Steve Bannon a Abascal, a este, lo mismo que le habia gustado Trump le gust\u00f2 Santiago.Con el mismo orientador, con los mismos fines, surgieron las mismas estrategias, los mismos recursos economicos, el mismo manejo de los medios y el mismo manejo de la mentira.<\/strong><\/p>\n<p><strong>Faltar\u00eca m\u00e0s, si su gu\u00eca dec\u00eca que vetaba al New York Times y al Washington por mentir, de libro, el disc\u00ecpulo vet\u00f2 a El Pais, a Prisa y a la Sexta.<\/strong><\/p>\n<p><strong>Voy a poner un ejemplo de los miles que ya denuciarons los 2,000 intelctuales espa\u00f1oles sobre las mentiras de Abascal:<\/strong><\/p>\n<p><strong>En Facebook, aparece una manifestaci\u00f2n con banderas verdes y musulmanes, bajo el titular: &#8221; Moros, manifest\u00e0ndose contra Espa\u00f1a ayer en Andalucia&#8221;. Tuvo que salir el Alcalde para desmentir:&#8221; Es una comunidad de musulmanes que llevan aqu\u00ec 20 a\u00f1os, y a\u00f1o con a\u00f1o salen con sus banderas en una fiesta religiosa para ellos muy importante.&#8221;<\/strong><\/p>\n<p><strong>Y as\u00ec&#8230;&#8230;<\/strong><\/p>\n<p><strong>De tal maestro tal alumno&#8230;..Espero que los que los hayan votado, en su perfecto derecho, no tengan que lamentar con sus hijas, a las manadas que Vox defiende.<\/strong><\/p>\n<!-- AddThis Advanced Settings generic via filter on the_content --><!-- AddThis Share Buttons generic via filter on the_content -->","protected":false},"excerpt":{"rendered":"<p>Cuando en 2017, en septiembre, Bardaji le present\u00f2 a Steve Bannon a Abascal, a este, lo mismo que le habia gustado Trump le gust\u00f2 Santiago.Con el mismo orientador, con los mismos fines, surgieron las mismas estrategias, los mismos recursos economicos, el mismo manejo de los medios y el mismo manejo de la mentira. Faltar\u00eca m\u00e0s, [&hellip;]<!-- AddThis Advanced Settings generic via filter on get_the_excerpt --><!-- AddThis Share Buttons generic via filter on get_the_excerpt --><\/p>\n","protected":false},"author":16,"featured_media":0,"comment_status":"open","ping_status":"closed","sticky":false,"template":"","format":"standard","meta":[],"categories":[1],"tags":[],"_links":{"self":[{"href":"https:\/\/blogs.elcomercio.es\/reflexiones-de-belarmino\/wp-json\/wp\/v2\/posts\/11789"}],"collection":[{"href":"https:\/\/blogs.elcomercio.es\/reflexiones-de-belarmino\/wp-json\/wp\/v2\/posts"}],"about":[{"href":"https:\/\/blogs.elcomercio.es\/reflexiones-de-belarmino\/wp-json\/wp\/v2\/types\/post"}],"author":[{"embeddable":true,"href":"https:\/\/blogs.elcomercio.es\/reflexiones-de-belarmino\/wp-json\/wp\/v2\/users\/16"}],"replies":[{"embeddable":true,"href":"https:\/\/blogs.elcomercio.es\/reflexiones-de-belarmino\/wp-json\/wp\/v2\/comments?post=11789"}],"version-history":[{"count":3,"href":"https:\/\/blogs.elcomercio.es\/reflexiones-de-belarmino\/wp-json\/wp\/v2\/posts\/11789\/revisions"}],"predecessor-version":[{"id":11792,"href":"https:\/\/blogs.elcomercio.es\/reflexiones-de-belarmino\/wp-json\/wp\/v2\/posts\/11789\/revisions\/11792"}],"wp:attachment":[{"href":"https:\/\/blogs.elcomercio.es\/reflexiones-de-belarmino\/wp-json\/wp\/v2\/media?parent=11789"}],"wp:term":[{"taxonomy":"category","embeddable":true,"href":"https:\/\/blogs.elcomercio.es\/reflexiones-de-belarmino\/wp-json\/wp\/v2\/categories?post=11789"},{"taxonomy":"post_tag","embeddable":true,"href":"https:\/\/blogs.elcomercio.es\/reflexiones-de-belarmino\/wp-json\/wp\/v2\/tags?post=11789"}],"curies":[{"name":"wp","href":"https:\/\/api.w.org\/{rel}","templated":true}]}}