{"id":11848,"date":"2019-11-21T14:10:50","date_gmt":"2019-11-21T13:10:50","guid":{"rendered":"https:\/\/blogs.elcomercio.es\/reflexiones-de-belarmino\/?p=11848"},"modified":"2019-11-21T14:10:50","modified_gmt":"2019-11-21T13:10:50","slug":"el-47-espanoles-por-negociacion-y-dialogo-dentro-de-la-constitucion-generalitat","status":"publish","type":"post","link":"https:\/\/blogs.elcomercio.es\/reflexiones-de-belarmino\/2019\/11\/21\/el-47-espanoles-por-negociacion-y-dialogo-dentro-de-la-constitucion-generalitat\/","title":{"rendered":"\u00a1\u00a1EL 47 % ESPA\u00d1OLES POR NEGOCIACION Y DIALOGO DENTRO DE LA CONSTITUCION: GENERALITAT !!"},"content":{"rendered":"<p><strong>La Generalitat dio a conocer una encuesta a nivel nacional sobre la percepcion en Espa\u00f1a del problema catal\u00e0n.La di\u00f2 a conocer la Consejera de la Presidencia Marixell Bud\u00f2.<\/strong><\/p>\n<p><strong>Seg\u00f9n dicha encuesta, que ser\u00e0 enviada a Carmen Calvo, el 47 % de los espa\u00f1oles consideran que la soluci\u00f2n al problema catal\u00e0n pasa por LA NEGOCIACION Y DIALOGO DENTRO DE LA CONSTITUCION.<\/strong><\/p>\n<p><strong>En ella informa que para la mayor\u00eca de los espa\u00f1oles Catalu\u00f1a tiene demasiada autonom\u00eca.<\/strong><\/p>\n<p><strong>Esta informacion que se acaba de dar est\u00e0 m\u00e0s en el camino de lo planteado por Ezquerra Republicana que pide esa Mesa de Dialogo dentro de la Constituci\u00f2n como camino para la abstenci\u00f2n de ERC y es contraria a la que plantea Torra que considera que este mesa es insuficiente.<\/strong><\/p>\n<p><strong>Habr\u00e0 que esperar hasta el martes para saber la posici\u00f2n de las bases del PSOE, de Podemos y de la consulta de Ezquerra Republicana.<\/strong><\/p>\n<!-- AddThis Advanced Settings generic via filter on the_content --><!-- AddThis Share Buttons generic via filter on the_content -->","protected":false},"excerpt":{"rendered":"<p>La Generalitat dio a conocer una encuesta a nivel nacional sobre la percepcion en Espa\u00f1a del problema catal\u00e0n.La di\u00f2 a conocer la Consejera de la Presidencia Marixell Bud\u00f2. Seg\u00f9n dicha encuesta, que ser\u00e0 enviada a Carmen Calvo, el 47 % de los espa\u00f1oles consideran que la soluci\u00f2n al problema catal\u00e0n pasa por LA NEGOCIACION Y [&hellip;]<!-- AddThis Advanced Settings generic via filter on get_the_excerpt --><!-- AddThis Share Buttons generic via filter on get_the_excerpt --><\/p>\n","protected":false},"author":16,"featured_media":0,"comment_status":"open","ping_status":"closed","sticky":false,"template":"","format":"standard","meta":[],"categories":[1],"tags":[],"_links":{"self":[{"href":"https:\/\/blogs.elcomercio.es\/reflexiones-de-belarmino\/wp-json\/wp\/v2\/posts\/11848"}],"collection":[{"href":"https:\/\/blogs.elcomercio.es\/reflexiones-de-belarmino\/wp-json\/wp\/v2\/posts"}],"about":[{"href":"https:\/\/blogs.elcomercio.es\/reflexiones-de-belarmino\/wp-json\/wp\/v2\/types\/post"}],"author":[{"embeddable":true,"href":"https:\/\/blogs.elcomercio.es\/reflexiones-de-belarmino\/wp-json\/wp\/v2\/users\/16"}],"replies":[{"embeddable":true,"href":"https:\/\/blogs.elcomercio.es\/reflexiones-de-belarmino\/wp-json\/wp\/v2\/comments?post=11848"}],"version-history":[{"count":2,"href":"https:\/\/blogs.elcomercio.es\/reflexiones-de-belarmino\/wp-json\/wp\/v2\/posts\/11848\/revisions"}],"predecessor-version":[{"id":11850,"href":"https:\/\/blogs.elcomercio.es\/reflexiones-de-belarmino\/wp-json\/wp\/v2\/posts\/11848\/revisions\/11850"}],"wp:attachment":[{"href":"https:\/\/blogs.elcomercio.es\/reflexiones-de-belarmino\/wp-json\/wp\/v2\/media?parent=11848"}],"wp:term":[{"taxonomy":"category","embeddable":true,"href":"https:\/\/blogs.elcomercio.es\/reflexiones-de-belarmino\/wp-json\/wp\/v2\/categories?post=11848"},{"taxonomy":"post_tag","embeddable":true,"href":"https:\/\/blogs.elcomercio.es\/reflexiones-de-belarmino\/wp-json\/wp\/v2\/tags?post=11848"}],"curies":[{"name":"wp","href":"https:\/\/api.w.org\/{rel}","templated":true}]}}