{"id":11851,"date":"2019-11-21T19:40:35","date_gmt":"2019-11-21T18:40:35","guid":{"rendered":"https:\/\/blogs.elcomercio.es\/reflexiones-de-belarmino\/?p=11851"},"modified":"2019-11-21T19:40:35","modified_gmt":"2019-11-21T18:40:35","slug":"ultima-hora-acaban-de-imputar-a-netanyahu-por-fraude-y-soborno-final-de-su-carrera-politica","status":"publish","type":"post","link":"https:\/\/blogs.elcomercio.es\/reflexiones-de-belarmino\/2019\/11\/21\/ultima-hora-acaban-de-imputar-a-netanyahu-por-fraude-y-soborno-final-de-su-carrera-politica\/","title":{"rendered":"\u00a1\u00a1&#8221;ULTIMA HORA &#8220;.- ACABAN DE IMPUTAR A NETANYAHU POR FRAUDE Y SOBORNO. FINAL DE SU CARRERA POLITICA !!"},"content":{"rendered":"<p><strong>Quien mal empieza, mal acaba. Acaba de informarse que Benjamin Netanyahu, Primer Ministro de Israel acaba de ser imputado por fraude y soborno.<\/strong><\/p>\n<p><strong>Cariacontecidos, su gran amigo, el yern\u00ecsimo de Trump ,Jared Khusner y su esposa Ivanka, est\u00e0n pasando en estos momentos un trago amargo. Se acab\u00f2 el compadrazgo entre ellos, Donald Trump y Benjamin Netanyahu, y los grandes negocios para seguir construyendo en los asentamientos de Cisjordania.<\/strong><\/p>\n<p><strong>Donde se encuentre, en la Casa Blanca o en su Club de golf en Florida, con todo lo que le est\u00e0 cayendo, Trump pierde al hombre que empuj\u00f2 todos los capitales judios en Israel, para conquistar el poder en los EE:UU, luego tratar de acabar con la Europa actual.<\/strong><\/p>\n<p><strong>En Espa\u00f1a Rafael Bardaji y su mancuerna PP- VOX; no saben si va seguir con los apoyos de los Amigos de Israel en Espa\u00f1a, y hasta el propio Aznar presiente que est\u00e0 noticia es la primera de varias que tendr\u00e0 que le agriar\u00e0n su estomago, entre otras que, por primera vez en 40 a\u00f1os, y unica vez en este momento, haya un Gobierno de Coalici\u00f2n en Espa\u00f1a.<\/strong><\/p>\n<p><strong>A Putin, le tuvieron que llevar un cafe\u00a0 fuerte con buena dosis de vodka al saber la noticia: Su aliado para romper a Europa, si no va a la carcel, por lo menos no gobernar\u00e0 ene el futuro pr\u00f2ximo.<\/strong><\/p>\n<p>&nbsp;<\/p>\n<!-- AddThis Advanced Settings generic via filter on the_content --><!-- AddThis Share Buttons generic via filter on the_content -->","protected":false},"excerpt":{"rendered":"<p>Quien mal empieza, mal acaba. Acaba de informarse que Benjamin Netanyahu, Primer Ministro de Israel acaba de ser imputado por fraude y soborno. Cariacontecidos, su gran amigo, el yern\u00ecsimo de Trump ,Jared Khusner y su esposa Ivanka, est\u00e0n pasando en estos momentos un trago amargo. Se acab\u00f2 el compadrazgo entre ellos, Donald Trump y Benjamin [&hellip;]<!-- AddThis Advanced Settings generic via filter on get_the_excerpt --><!-- AddThis Share Buttons generic via filter on get_the_excerpt --><\/p>\n","protected":false},"author":16,"featured_media":0,"comment_status":"open","ping_status":"closed","sticky":false,"template":"","format":"standard","meta":[],"categories":[1],"tags":[],"_links":{"self":[{"href":"https:\/\/blogs.elcomercio.es\/reflexiones-de-belarmino\/wp-json\/wp\/v2\/posts\/11851"}],"collection":[{"href":"https:\/\/blogs.elcomercio.es\/reflexiones-de-belarmino\/wp-json\/wp\/v2\/posts"}],"about":[{"href":"https:\/\/blogs.elcomercio.es\/reflexiones-de-belarmino\/wp-json\/wp\/v2\/types\/post"}],"author":[{"embeddable":true,"href":"https:\/\/blogs.elcomercio.es\/reflexiones-de-belarmino\/wp-json\/wp\/v2\/users\/16"}],"replies":[{"embeddable":true,"href":"https:\/\/blogs.elcomercio.es\/reflexiones-de-belarmino\/wp-json\/wp\/v2\/comments?post=11851"}],"version-history":[{"count":3,"href":"https:\/\/blogs.elcomercio.es\/reflexiones-de-belarmino\/wp-json\/wp\/v2\/posts\/11851\/revisions"}],"predecessor-version":[{"id":11854,"href":"https:\/\/blogs.elcomercio.es\/reflexiones-de-belarmino\/wp-json\/wp\/v2\/posts\/11851\/revisions\/11854"}],"wp:attachment":[{"href":"https:\/\/blogs.elcomercio.es\/reflexiones-de-belarmino\/wp-json\/wp\/v2\/media?parent=11851"}],"wp:term":[{"taxonomy":"category","embeddable":true,"href":"https:\/\/blogs.elcomercio.es\/reflexiones-de-belarmino\/wp-json\/wp\/v2\/categories?post=11851"},{"taxonomy":"post_tag","embeddable":true,"href":"https:\/\/blogs.elcomercio.es\/reflexiones-de-belarmino\/wp-json\/wp\/v2\/tags?post=11851"}],"curies":[{"name":"wp","href":"https:\/\/api.w.org\/{rel}","templated":true}]}}