{"id":11963,"date":"2019-11-30T20:06:30","date_gmt":"2019-11-30T19:06:30","guid":{"rendered":"https:\/\/blogs.elcomercio.es\/reflexiones-de-belarmino\/?p=11963"},"modified":"2019-11-30T20:07:33","modified_gmt":"2019-11-30T19:07:33","slug":"tras-cruzar-a-los-16-anos-el-atlantico-sin-contaminar-el-miercoles-llega-greta","status":"publish","type":"post","link":"https:\/\/blogs.elcomercio.es\/reflexiones-de-belarmino\/2019\/11\/30\/tras-cruzar-a-los-16-anos-el-atlantico-sin-contaminar-el-miercoles-llega-greta\/","title":{"rendered":"\u00a1\u00a1TRAS CRUZAR, A LOS 16 A\u00d1OS DOS VECES,SIN CONTAMINAR, EL MIERCOLES LLEGA GRETA !!"},"content":{"rendered":"<p><strong>Cuando est\u00e0 en jaque el futuro de la humanidad; cuando s\u00f2lo un continente se ha declarado en emergencia, mientras que EE:UU. China e India, no dan un paso y las previsiones de los cient\u00ecficos cada d\u00eca son m\u00e0s pesimistas respecto a la gravedad del Calentamiento Clim\u00e0tico, de nuestra especie surgen las reservas por un futuro que para muchos no les interesa ni para ellos, ni para sus hijos, nietos y nuestra especie.<\/strong><\/p>\n<p><strong>Parte simb\u00f2lica de esa nueva generaci\u00f2n del ser humano, es una adolescente danesa llamada Greta Ghutenberg, que hace un a\u00f1o inici\u00f2 una protesta mundial en favor de la especie y de las generaciones que vienen.<\/strong><\/p>\n<p><strong>Greta s\u00f2lo plantea:Hay que moverse y con ello dar el ejemplo para puedan moverse millones que exijan a los actuales l\u00ecderes mundiales quienes tienen en sus manos el futuro, sigan las orientaciones de los cient\u00ecficos.<\/strong><\/p>\n<p><strong>Pero hab\u00eca que iniciar la protesta y hace poco m\u00e0s de un a\u00f1o esta adolescente se plant\u00f2 s\u00f2la en su ciudad con una manta: &#8221; Ya basta, Salvemos el Planeta&#8221; y lanz\u00f2 la acci\u00f2n: Huelga los viernes, sin faltar a clases para salir a la calle en esa lucha.<\/strong><\/p>\n<p><strong>Ha pasado menos de un a\u00f1o y la acci\u00f2n de este mujer(por supuesto mujer ten\u00eca que ser) logr\u00f2 que ayer viernes hubiera m\u00e0s de 2,700 manifestaciones en todo el mundo, para exigir a los gobernantes que act\u00f9en.<\/strong><\/p>\n<p><strong>Para asistir a la Asamblea Nacional de las Naciones Unidas en Nueva York, construyeron amigos de ella, un velero, en el cual con pura energia del sol y de los vientos y el mar, cruz\u00f2 el Oceano Atl\u00e0ntico y de Dinamarca lleg\u00f2 a Nueva York.<\/strong><\/p>\n<p><strong>All\u00ec particip\u00f2 ante el desprecio de los Trumps, aquellos del mundo que\u00a0 se va, pero logr\u00f2 avances importantes de naciones como Alemania`que puso 50,000 millones de euros para el cambio hacia la energ\u00eca verde. <\/strong><\/p>\n<p><strong>En la ONU, logr\u00f2 la movilizaci\u00f2n de voluntades de Jefes de Estado de todo el mundo, y al terminar emnpez\u00f2 a cruzar en tren los Estados Unidos, Canada, para luego bajar a M\u00e8xico y luego a Chile donde se celebrar\u00eca la Cumbre Mundial del Clima.Pero al fracasar el ejemplo de Vargas Llosa, Sebasti\u00e0n Pi\u00f1eira no pudo celebrarse all\u00ec ni la Cumbre del Clima, ni la de la Organizacai\u00f2n As\u00eca Pac\u00ecfico, Pedro Sanchez ofreci\u00f2 a Espa\u00f1a y nuestro pa\u00ecs, en Madrid celebrar\u00e0 en diciembre dicha Cumbre.<\/strong><\/p>\n<p><strong>Pero entonces Greta se encontr\u00f2 con un problema.\u00bf Como regresar de Am\u00e8rica a Madrid, de nuevo sin contaminaar?. Y puso una llamada de auxilio mundial, logrando que una familia australiana que tiene un Katamar\u00e0n, no s\u00f2lo se lo ofreciese sino que la familia la acompa\u00f1a.<\/strong><\/p>\n<p><strong>Greta, a su 16 o 17 a\u00f1os, el miercoles habr\u00e0 cruzado dos veces el Oceano Atl\u00e0ntico sin contaminar, poniendo un ejemplo al mundo.<\/strong><\/p>\n<p><strong>He sido testigo que cuando hace a\u00f1os, en la Moncloa le plante al Jefe de Gobierno Felipe Gonz\u00e0lez, que a M\u00e8xico y a Espa\u00f1a les convendr\u00eca un Acuerdo Pesquero como le consult\u00e8 al Secretario de Pesca de M\u00e8xico Pedro Ojeda Paullada, y el me dijo: &#8221; ma\u00f1ana mismo te mando mi Ministro de Agricultura y Pesca&#8221;, nunca pudo armarse por el que Ministro Espa\u00f1ol de pesca, le daba miedo el avi\u00f2n, y &#8221; eso de cruzar el Atl\u00e0ntico en avion no iba con \u00e8l &#8221;<br \/>\n<\/strong><\/p>\n<p><strong>Alguien duda que el liderazgo s\u00f2lo se muestra andando, y que en este momento Greta Thunberger(ya lo leeran en los diccionarios o lo que haya, nuestros hijos y nietos) es la cabeza de un movimiento de abajo hacia arriba.<\/strong><\/p>\n<p><strong>Ya veremos en los 15 d\u00ecas que durar\u00e0 en Madrid esta Cumbre hasta donde avanzaremos,<\/strong><\/p>\n<p><strong>salvo que un tal Ortega Smith trate de salir a la calle a protestar,por que como bien dice Donald Trump, el hombre que est\u00e0 detr\u00e0s de los Voxes de Europa, &#8221; EL CAMBIO NO EXISTE, ES SOLO UNA INVENCION DE LOS CHINOS PARA DETERNOS.&#8221;<\/strong><\/p>\n<p><strong>Hay un mundo que muere, pero HAY OTRO QUE NACE.<\/strong><\/p>\n<p><strong>Greta es hoy la lider de este movimiento.<\/strong><\/p>\n<p>&nbsp;<\/p>\n<!-- AddThis Advanced Settings generic via filter on the_content --><!-- AddThis Share Buttons generic via filter on the_content -->","protected":false},"excerpt":{"rendered":"<p>Cuando est\u00e0 en jaque el futuro de la humanidad; cuando s\u00f2lo un continente se ha declarado en emergencia, mientras que EE:UU. China e India, no dan un paso y las previsiones de los cient\u00ecficos cada d\u00eca son m\u00e0s pesimistas respecto a la gravedad del Calentamiento Clim\u00e0tico, de nuestra especie surgen las reservas por un futuro [&hellip;]<!-- AddThis Advanced Settings generic via filter on get_the_excerpt --><!-- AddThis Share Buttons generic via filter on get_the_excerpt --><\/p>\n","protected":false},"author":16,"featured_media":0,"comment_status":"open","ping_status":"closed","sticky":false,"template":"","format":"standard","meta":[],"categories":[1],"tags":[],"_links":{"self":[{"href":"https:\/\/blogs.elcomercio.es\/reflexiones-de-belarmino\/wp-json\/wp\/v2\/posts\/11963"}],"collection":[{"href":"https:\/\/blogs.elcomercio.es\/reflexiones-de-belarmino\/wp-json\/wp\/v2\/posts"}],"about":[{"href":"https:\/\/blogs.elcomercio.es\/reflexiones-de-belarmino\/wp-json\/wp\/v2\/types\/post"}],"author":[{"embeddable":true,"href":"https:\/\/blogs.elcomercio.es\/reflexiones-de-belarmino\/wp-json\/wp\/v2\/users\/16"}],"replies":[{"embeddable":true,"href":"https:\/\/blogs.elcomercio.es\/reflexiones-de-belarmino\/wp-json\/wp\/v2\/comments?post=11963"}],"version-history":[{"count":5,"href":"https:\/\/blogs.elcomercio.es\/reflexiones-de-belarmino\/wp-json\/wp\/v2\/posts\/11963\/revisions"}],"predecessor-version":[{"id":11968,"href":"https:\/\/blogs.elcomercio.es\/reflexiones-de-belarmino\/wp-json\/wp\/v2\/posts\/11963\/revisions\/11968"}],"wp:attachment":[{"href":"https:\/\/blogs.elcomercio.es\/reflexiones-de-belarmino\/wp-json\/wp\/v2\/media?parent=11963"}],"wp:term":[{"taxonomy":"category","embeddable":true,"href":"https:\/\/blogs.elcomercio.es\/reflexiones-de-belarmino\/wp-json\/wp\/v2\/categories?post=11963"},{"taxonomy":"post_tag","embeddable":true,"href":"https:\/\/blogs.elcomercio.es\/reflexiones-de-belarmino\/wp-json\/wp\/v2\/tags?post=11963"}],"curies":[{"name":"wp","href":"https:\/\/api.w.org\/{rel}","templated":true}]}}