{"id":12081,"date":"2019-12-06T10:59:43","date_gmt":"2019-12-06T09:59:43","guid":{"rendered":"https:\/\/blogs.elcomercio.es\/reflexiones-de-belarmino\/?p=12081"},"modified":"2019-12-06T10:59:43","modified_gmt":"2019-12-06T09:59:43","slug":"hoy-viernes-greta-participa-en-la-cumbre-y-en-la-gran-manifestacion-de-madrid","status":"publish","type":"post","link":"https:\/\/blogs.elcomercio.es\/reflexiones-de-belarmino\/2019\/12\/06\/hoy-viernes-greta-participa-en-la-cumbre-y-en-la-gran-manifestacion-de-madrid\/","title":{"rendered":"\u00a1\u00a1HOY VIERNES GRETA PARTICIPA EN LA CUMBRE Y EN LA GRAN MANIFESTACION DE MADRID !!"},"content":{"rendered":"<p><strong>Hoy es un d\u00eca particularmente placentro para la mayor\u00eca social y progresista para los espa\u00f1oles, sobre todo para los madrile\u00f1os.Por supuesto no lo es para los seguidores de Trump, de Bolsonario, el primo de Rajoy y, por supuesto para los venidos del siglo XIX, los dirigentes de Vox.<\/strong><\/p>\n<p><strong>Lo es por que sigue la cumbre del clima, pero sobre todo para la esperada comparecencia de la adolescenete danesa Greta Thunmberg.Eso es a nivel institucional, pero las calles de Madridd no hab\u00ecan tenido en una de sus muy largas manifestaciones en su historia la participaci\u00f2n de una mujer que ha movilizado a un mill\u00f2n de personas en casi todos los paises del mundo.<\/strong><\/p>\n<p><strong>Lo hace luego de las medidas de Arabia Saudita de diversificar su econom\u00eca por que m\u00e0s temprano que tarde el petroleo no sera fuente de energ\u00eca, la m\u00e0s contaminante, y el comienzo del Impeachment contra el pricipal obstaculo que tenemos en el mundo para\u00a0 realizar los cambios en la lucha contra el Cambio Clim\u00e0tico: Donald Trump.<\/strong><\/p>\n<p><strong>Y no exagero.<\/strong><\/p>\n<p><strong>Primer d\u00eca del gran puente espa\u00f1ol.<\/strong><\/p>\n<!-- AddThis Advanced Settings generic via filter on the_content --><!-- AddThis Share Buttons generic via filter on the_content -->","protected":false},"excerpt":{"rendered":"<p>Hoy es un d\u00eca particularmente placentro para la mayor\u00eca social y progresista para los espa\u00f1oles, sobre todo para los madrile\u00f1os.Por supuesto no lo es para los seguidores de Trump, de Bolsonario, el primo de Rajoy y, por supuesto para los venidos del siglo XIX, los dirigentes de Vox. Lo es por que sigue la cumbre [&hellip;]<!-- AddThis Advanced Settings generic via filter on get_the_excerpt --><!-- AddThis Share Buttons generic via filter on get_the_excerpt --><\/p>\n","protected":false},"author":16,"featured_media":0,"comment_status":"open","ping_status":"closed","sticky":false,"template":"","format":"standard","meta":[],"categories":[1],"tags":[],"_links":{"self":[{"href":"https:\/\/blogs.elcomercio.es\/reflexiones-de-belarmino\/wp-json\/wp\/v2\/posts\/12081"}],"collection":[{"href":"https:\/\/blogs.elcomercio.es\/reflexiones-de-belarmino\/wp-json\/wp\/v2\/posts"}],"about":[{"href":"https:\/\/blogs.elcomercio.es\/reflexiones-de-belarmino\/wp-json\/wp\/v2\/types\/post"}],"author":[{"embeddable":true,"href":"https:\/\/blogs.elcomercio.es\/reflexiones-de-belarmino\/wp-json\/wp\/v2\/users\/16"}],"replies":[{"embeddable":true,"href":"https:\/\/blogs.elcomercio.es\/reflexiones-de-belarmino\/wp-json\/wp\/v2\/comments?post=12081"}],"version-history":[{"count":3,"href":"https:\/\/blogs.elcomercio.es\/reflexiones-de-belarmino\/wp-json\/wp\/v2\/posts\/12081\/revisions"}],"predecessor-version":[{"id":12084,"href":"https:\/\/blogs.elcomercio.es\/reflexiones-de-belarmino\/wp-json\/wp\/v2\/posts\/12081\/revisions\/12084"}],"wp:attachment":[{"href":"https:\/\/blogs.elcomercio.es\/reflexiones-de-belarmino\/wp-json\/wp\/v2\/media?parent=12081"}],"wp:term":[{"taxonomy":"category","embeddable":true,"href":"https:\/\/blogs.elcomercio.es\/reflexiones-de-belarmino\/wp-json\/wp\/v2\/categories?post=12081"},{"taxonomy":"post_tag","embeddable":true,"href":"https:\/\/blogs.elcomercio.es\/reflexiones-de-belarmino\/wp-json\/wp\/v2\/tags?post=12081"}],"curies":[{"name":"wp","href":"https:\/\/api.w.org\/{rel}","templated":true}]}}