{"id":12132,"date":"2019-12-09T10:59:57","date_gmt":"2019-12-09T09:59:57","guid":{"rendered":"https:\/\/blogs.elcomercio.es\/reflexiones-de-belarmino\/?p=12132"},"modified":"2019-12-09T10:59:57","modified_gmt":"2019-12-09T09:59:57","slug":"la-segunda-industria-mas-contaminante-tras-la-petrolera-es-la-de-la-ropa","status":"publish","type":"post","link":"https:\/\/blogs.elcomercio.es\/reflexiones-de-belarmino\/2019\/12\/09\/la-segunda-industria-mas-contaminante-tras-la-petrolera-es-la-de-la-ropa\/","title":{"rendered":"\u00a1\u00a1LA SEGUNDA INDUSTRIA  MAS CONTAMINANTE TRAS LA PETROLERA ES LA  DE LA ROPA !!"},"content":{"rendered":"<p><strong>La mayor\u00eca no lo sabiamos, pero nos hizo pensar la manifestaci\u00f2n en Londres ante una tienda de Zara.Sabiamos que el imperio de Amancio Ortega se hab\u00eca fraguado con salarios de hambre en Bangldesh y el trabajo de los ni\u00f1os en Brasil, pero&#8230;..<\/strong><\/p>\n<p><strong>Pues resulta, y esa es una de las ventajas de lanzar informaci\u00f2n al mundo por los expertos y los cient\u00ecficos que la SEGUNDA INDUSTRIA MAS CONTAMNINANTE DEL MUNDO, SOLO TRAS LA PETROLERA ES&#8230;&#8230;LA DEL VESTIDO.<\/strong><\/p>\n<p><strong>En 1950, creo que las medias de naylon, duraban para toda la vida. Pero de inmediato fueron cambiados por unas menos resistentes que se les fuera un hilo y hubiese que comprar otra. Ah\u00ec estaba el papel de las mujeres y hombres que est\u00e0n tras este industria.<\/strong><\/p>\n<p><strong>No s\u00f2lo por que hay que vestir a 6,700 millones de personas en el mundo, sino por que A TRAVES DE LOS DISE\u00d1ADORES Y LOS DESFILES DE MODA, logran que cada a\u00f1o, una parte de la poblaci\u00f2n, cambien sus moelos, para que las f\u00e0bricas produzcan los nuevos modelos, dejando para los de 2a. los del a\u00f1o anterior y para los de 3a(en el marco de sus ingresos) los de los a\u00f1os anteriores. Lo dem\u00e0s se tira.<\/strong><\/p>\n<!-- AddThis Advanced Settings generic via filter on the_content --><!-- AddThis Share Buttons generic via filter on the_content -->","protected":false},"excerpt":{"rendered":"<p>La mayor\u00eca no lo sabiamos, pero nos hizo pensar la manifestaci\u00f2n en Londres ante una tienda de Zara.Sabiamos que el imperio de Amancio Ortega se hab\u00eca fraguado con salarios de hambre en Bangldesh y el trabajo de los ni\u00f1os en Brasil, pero&#8230;.. Pues resulta, y esa es una de las ventajas de lanzar informaci\u00f2n al [&hellip;]<!-- AddThis Advanced Settings generic via filter on get_the_excerpt --><!-- AddThis Share Buttons generic via filter on get_the_excerpt --><\/p>\n","protected":false},"author":16,"featured_media":0,"comment_status":"open","ping_status":"closed","sticky":false,"template":"","format":"standard","meta":[],"categories":[1],"tags":[],"_links":{"self":[{"href":"https:\/\/blogs.elcomercio.es\/reflexiones-de-belarmino\/wp-json\/wp\/v2\/posts\/12132"}],"collection":[{"href":"https:\/\/blogs.elcomercio.es\/reflexiones-de-belarmino\/wp-json\/wp\/v2\/posts"}],"about":[{"href":"https:\/\/blogs.elcomercio.es\/reflexiones-de-belarmino\/wp-json\/wp\/v2\/types\/post"}],"author":[{"embeddable":true,"href":"https:\/\/blogs.elcomercio.es\/reflexiones-de-belarmino\/wp-json\/wp\/v2\/users\/16"}],"replies":[{"embeddable":true,"href":"https:\/\/blogs.elcomercio.es\/reflexiones-de-belarmino\/wp-json\/wp\/v2\/comments?post=12132"}],"version-history":[{"count":2,"href":"https:\/\/blogs.elcomercio.es\/reflexiones-de-belarmino\/wp-json\/wp\/v2\/posts\/12132\/revisions"}],"predecessor-version":[{"id":12134,"href":"https:\/\/blogs.elcomercio.es\/reflexiones-de-belarmino\/wp-json\/wp\/v2\/posts\/12132\/revisions\/12134"}],"wp:attachment":[{"href":"https:\/\/blogs.elcomercio.es\/reflexiones-de-belarmino\/wp-json\/wp\/v2\/media?parent=12132"}],"wp:term":[{"taxonomy":"category","embeddable":true,"href":"https:\/\/blogs.elcomercio.es\/reflexiones-de-belarmino\/wp-json\/wp\/v2\/categories?post=12132"},{"taxonomy":"post_tag","embeddable":true,"href":"https:\/\/blogs.elcomercio.es\/reflexiones-de-belarmino\/wp-json\/wp\/v2\/tags?post=12132"}],"curies":[{"name":"wp","href":"https:\/\/api.w.org\/{rel}","templated":true}]}}